{"id":14859,"date":"2023-06-26T10:21:41","date_gmt":"2023-06-26T08:21:41","guid":{"rendered":"https:\/\/www.prva.hr\/?p=14859"},"modified":"2023-06-28T14:43:34","modified_gmt":"2023-06-28T12:43:34","slug":"primopredaja-udzbenika-treci-i-cetvrti-razredi-vazno-2","status":"publish","type":"post","link":"https:\/\/prva.hr\/index.php\/2023\/06\/26\/primopredaja-udzbenika-treci-i-cetvrti-razredi-vazno-2\/","title":{"rendered":"PROMJENA TERMINA &#8211; PRIMOPREDAJA UD\u017dBENIKA \u2013 TRE\u0106I I \u010cETVRTI RAZREDI \u2013 VA\u017dNO!"},"content":{"rendered":"\n<p><\/p>\n\n\n\n<h3 class=\"wp-block-heading\"><\/h3>\n\n\n\n<p class=\"has-black-color has-text-color\">Dragi u\u010denici, drage u\u010denice tre\u0107ih i \u010detvrtih razreda,<\/p>\n\n\n\n<p class=\"has-black-color has-text-color\">dragi roditelji\/skrbnici,<\/p>\n\n\n\n<p class=\"has-black-color has-text-color\">Kao \u0161to je ve\u0107 najavljeno, povrat i preuzimanje ud\u017ebenika za tre\u0107e i \u010detvrte razrede \u0107e biti 28. lipnja 2023. nakon mature iz matematike, poslije 12:00 sati. <\/p>\n\n\n\n<p class=\"has-black-color has-text-color\"> Ud\u017ebenike donesite i ostavite u plasti\u010dnim vre\u0107icama! <\/p>\n\n\n\n<p class=\"has-black-color has-text-color\">U svakoj vre\u0107ici treba biti papir s podatcima (ime, prezime i razered). <\/p>\n\n\n\n<p class=\"has-black-color has-text-color\">De\u017eurni nastavnik \u0107e pregledati komplete i nakon toga u miru napu\u0161tate prostoriju.<\/p>\n\n\n\n<p class=\"has-black-color has-text-color\">U nastavku je raspored primopredaje.<\/p>\n\n\n\n<p><\/p>\n\n\n\n<figure class=\"wp-block-table is-style-stripes\"><table class=\"has-black-color has-text-color has-background has-fixed-layout\" style=\"background-color:#00d12d\"><tbody><tr><td class=\"has-text-align-center\" data-align=\"center\" colspan=\"2\"><strong>&nbsp;<\/strong> <strong>\u010cetvrti razredi \u2013 povrat ud\u017ebenika<\/strong> <br><strong>Staklena prostorija kod sprema\u010dica<\/strong> <br><strong>28.06.2023.<\/strong> <strong>&nbsp;<\/strong><\/td><\/tr><tr><td class=\"has-text-align-center\" data-align=\"center\"><strong>Razre<\/strong>d<\/td><td>T<strong>ermi<\/strong>n<\/td><\/tr><tr><td class=\"has-text-align-center\" data-align=\"center\"><strong>4. F<\/strong><\/td><td><strong>12:15<\/strong><\/td><\/tr><tr><td class=\"has-text-align-center\" data-align=\"center\"><strong>4. A<\/strong><\/td><td><strong>12:20<\/strong><\/td><\/tr><tr><td class=\"has-text-align-center\" data-align=\"center\"><strong>4. B<\/strong><\/td><td><strong>12:30<\/strong><\/td><\/tr><tr><td class=\"has-text-align-center\" data-align=\"center\"><strong>4. C<\/strong><\/td><td><strong>12:40<\/strong><\/td><\/tr><tr><td class=\"has-text-align-center\" data-align=\"center\"><strong>4. D<\/strong><\/td><td><strong>12:50<\/strong><\/td><\/tr><tr><td class=\"has-text-align-center\" data-align=\"center\"><strong>4. E<\/strong><\/td><td><strong>13:00<\/strong><\/td><\/tr><\/tbody><\/table><\/figure>\n\n\n\n<p><\/p>\n\n\n\n<p class=\"has-black-color has-text-color\">Popis ud\u017ebenika za povrat mo\u017eete vidjeti na poveznicama:&nbsp;<strong><a href=\"https:\/\/www.prva.hr\/wp-content\/uploads\/2022\/06\/4.-R.-UDZBENICI-ZA-POVRAT-OG.docx\" target=\"_blank\" rel=\"noreferrer noopener\">4. R.- UDZBENICI ZA POVRAT \u2013 OG<\/a>&nbsp;<\/strong>i&nbsp;<strong><a href=\"https:\/\/www.prva.hr\/wp-content\/uploads\/2022\/06\/4.-R.-UDZBENICI-ZA-POVRAT-PM.docx\" target=\"_blank\" rel=\"noreferrer noopener\">4. R.- UDZBENICI ZA POVRAT \u2013 PM<\/a><\/strong><\/p>\n\n\n\n<p><\/p>\n\n\n\n<p><\/p>\n\n\n\n<figure class=\"wp-block-table is-style-stripes\"><table class=\"has-black-color has-text-color has-background\" style=\"background:linear-gradient(135deg,rgb(238,238,238) 4%,rgb(169,184,195) 34%)\"><tbody><tr><td class=\"has-text-align-center\" data-align=\"center\" colspan=\"2\"><strong>&nbsp;<\/strong> <strong>Tre\u0107i razredi \u2013 preuzimanje ud\u017ebenika<\/strong> <br><strong>staklena prostorija kod sprema\u010dica<\/strong> <br><strong>28.6.2023.<\/strong><\/td><\/tr><tr><td class=\"has-text-align-center\" data-align=\"center\"><strong>Razred<\/strong><\/td><td><strong>Termin<\/strong><\/td><\/tr><tr><td class=\"has-text-align-center\" data-align=\"center\"><strong>3. A<\/strong><\/td><td><strong>12:25<\/strong><\/td><\/tr><tr><td class=\"has-text-align-center\" data-align=\"center\"><strong>3. B<\/strong><\/td><td><strong>12.35<\/strong><\/td><\/tr><tr><td class=\"has-text-align-center\" data-align=\"center\"><strong>3. C<\/strong><\/td><td><strong>12:45<\/strong><\/td><\/tr><tr><td class=\"has-text-align-center\" data-align=\"center\"><strong>3. D<\/strong><\/td><td><strong>12:55<\/strong><\/td><\/tr><tr><td class=\"has-text-align-center\" data-align=\"center\"><strong>3. E<\/strong><\/td><td><strong>13:05<\/strong><\/td><\/tr><\/tbody><\/table><\/figure>\n\n\n\n<p><\/p>\n\n\n\n<p class=\"has-black-color has-text-color\"><strong>Radne bilje\u017enice i ud\u017ebenike pojedinih stranih jezika \u0107ete dobiti u rujnu.<\/strong><\/p>\n","protected":false},"excerpt":{"rendered":"<p>Dragi u\u010denici, drage u\u010denice tre\u0107ih i \u010detvrtih razreda, dragi roditelji\/skrbnici, Kao \u0161to je ve\u0107 najavljeno, povrat i preuzimanje ud\u017ebenika za tre\u0107e i \u010detvrte razrede \u0107e biti 28. lipnja 2023. nakon mature iz matematike, poslije 12:00 sati. Ud\u017ebenike donesite i ostavite u plasti\u010dnim vre\u0107icama! U svakoj vre\u0107ici treba biti papir s podatcima (ime, prezime i razered). [&hellip;]<\/p>\n","protected":false},"author":9,"featured_media":0,"comment_status":"closed","ping_status":"0","sticky":false,"template":"","format":"standard","meta":{"_et_pb_use_builder":"","_et_pb_old_content":"","_et_gb_content_width":"","footnotes":""},"categories":[9,1],"tags":[78],"class_list":["post-14859","post","type-post","status-publish","format-standard","hentry","category-arhiva","category-nekategorizirano","tag-udzbenici"],"_links":{"self":[{"href":"https:\/\/prva.hr\/index.php\/wp-json\/wp\/v2\/posts\/14859","targetHints":{"allow":["GET"]}}],"collection":[{"href":"https:\/\/prva.hr\/index.php\/wp-json\/wp\/v2\/posts"}],"about":[{"href":"https:\/\/prva.hr\/index.php\/wp-json\/wp\/v2\/types\/post"}],"author":[{"embeddable":true,"href":"https:\/\/prva.hr\/index.php\/wp-json\/wp\/v2\/users\/9"}],"replies":[{"embeddable":true,"href":"https:\/\/prva.hr\/index.php\/wp-json\/wp\/v2\/comments?post=14859"}],"version-history":[{"count":11,"href":"https:\/\/prva.hr\/index.php\/wp-json\/wp\/v2\/posts\/14859\/revisions"}],"predecessor-version":[{"id":14872,"href":"https:\/\/prva.hr\/index.php\/wp-json\/wp\/v2\/posts\/14859\/revisions\/14872"}],"wp:attachment":[{"href":"https:\/\/prva.hr\/index.php\/wp-json\/wp\/v2\/media?parent=14859"}],"wp:term":[{"taxonomy":"category","embeddable":true,"href":"https:\/\/prva.hr\/index.php\/wp-json\/wp\/v2\/categories?post=14859"},{"taxonomy":"post_tag","embeddable":true,"href":"https:\/\/prva.hr\/index.php\/wp-json\/wp\/v2\/tags?post=14859"}],"curies":[{"name":"wp","href":"https:\/\/api.w.org\/{rel}","templated":true}]}}