{"id":14902,"date":"2023-07-05T11:52:17","date_gmt":"2023-07-05T09:52:17","guid":{"rendered":"https:\/\/www.prva.hr\/?p=14902"},"modified":"2025-12-04T09:39:52","modified_gmt":"2025-12-04T08:39:52","slug":"erasmus-akreditacija","status":"publish","type":"post","link":"https:\/\/prva.hr\/index.php\/2023\/07\/05\/erasmus-akreditacija\/","title":{"rendered":"Erasmus akreditacija"},"content":{"rendered":"\n<p>Kvalitetan plan projekata i aktivnosti za \u010detverogodi\u0161nje razdoblje donio nam je Erasmus akreditaciju. To konkretno zna\u010di da \u0107e se sigurno svi na\u0161i projekti realizirati bez da ih se dodatno prijavljuje te prolazi selekcija. <\/p>\n\n\n\n<p>Veselimo se novim projektima, a ve\u0107 od jeseni kre\u0107u novi Erasmus projekti u koji \u0107e biti uklju\u010deni na\u0161i nastavnici i u\u010denici!<\/p>\n","protected":false},"excerpt":{"rendered":"<p>Kvalitetan plan projekata i aktivnosti za \u010detverogodi\u0161nje razdoblje donio nam je Erasmus akreditaciju. To konkretno zna\u010di da \u0107e se sigurno svi na\u0161i projekti realizirati bez da ih se dodatno prijavljuje te prolazi selekcija. Veselimo se novim projektima, a ve\u0107 od jeseni kre\u0107u novi Erasmus projekti u koji \u0107e biti uklju\u010deni na\u0161i nastavnici i u\u010denici!<\/p>\n","protected":false},"author":7,"featured_media":14904,"comment_status":"closed","ping_status":"closed","sticky":false,"template":"","format":"standard","meta":{"_et_pb_use_builder":"","_et_pb_old_content":"","_et_gb_content_width":"","footnotes":""},"categories":[66,148,4],"tags":[],"class_list":["post-14902","post","type-post","status-publish","format-standard","has-post-thumbnail","hentry","category-aktivnosti-projekti-erasmus","category-erasmus-aktivnosti","category-najnovije-vijesti"],"_links":{"self":[{"href":"https:\/\/prva.hr\/index.php\/wp-json\/wp\/v2\/posts\/14902","targetHints":{"allow":["GET"]}}],"collection":[{"href":"https:\/\/prva.hr\/index.php\/wp-json\/wp\/v2\/posts"}],"about":[{"href":"https:\/\/prva.hr\/index.php\/wp-json\/wp\/v2\/types\/post"}],"author":[{"embeddable":true,"href":"https:\/\/prva.hr\/index.php\/wp-json\/wp\/v2\/users\/7"}],"replies":[{"embeddable":true,"href":"https:\/\/prva.hr\/index.php\/wp-json\/wp\/v2\/comments?post=14902"}],"version-history":[{"count":1,"href":"https:\/\/prva.hr\/index.php\/wp-json\/wp\/v2\/posts\/14902\/revisions"}],"predecessor-version":[{"id":14905,"href":"https:\/\/prva.hr\/index.php\/wp-json\/wp\/v2\/posts\/14902\/revisions\/14905"}],"wp:featuredmedia":[{"embeddable":true,"href":"https:\/\/prva.hr\/index.php\/wp-json\/wp\/v2\/media\/14904"}],"wp:attachment":[{"href":"https:\/\/prva.hr\/index.php\/wp-json\/wp\/v2\/media?parent=14902"}],"wp:term":[{"taxonomy":"category","embeddable":true,"href":"https:\/\/prva.hr\/index.php\/wp-json\/wp\/v2\/categories?post=14902"},{"taxonomy":"post_tag","embeddable":true,"href":"https:\/\/prva.hr\/index.php\/wp-json\/wp\/v2\/tags?post=14902"}],"curies":[{"name":"wp","href":"https:\/\/api.w.org\/{rel}","templated":true}]}}