{"id":14923,"date":"2023-07-13T09:41:52","date_gmt":"2023-07-13T07:41:52","guid":{"rendered":"https:\/\/www.prva.hr\/?p=14923"},"modified":"2023-07-13T09:46:18","modified_gmt":"2023-07-13T07:46:18","slug":"zavrseni-upisi-u-1-razred-za-sk-god-2023-2024","status":"publish","type":"post","link":"https:\/\/prva.hr\/index.php\/2023\/07\/13\/zavrseni-upisi-u-1-razred-za-sk-god-2023-2024\/","title":{"rendered":"Zavr\u0161eni su upisi u 1. razred za \u0161k. god. 2023.\/2024."},"content":{"rendered":"\n<p>Upisi u 1. razred su zavr\u0161eni. Svi u\u010denici su pravovremeno u\u010ditali svoje upisnice koje su verificirane \u0161to zna\u010di da su upisani u I. gimnaziju.<\/p>\n\n\n\n<p>Svim upisanim u\u010denicima \u010destitamo na tom uspjehu te im \u017eelimo ugodno ljeto!!!<\/p>\n\n\n\n<p>Pozivaju se u\u010denici da krajem kolovoza prate obavijesti na web stranici \u0161kole s obzirom da \u0107e i\u0107i obavijesti oko izbora fakultativnih predmeta, dolaska prvi dan nastave u \u0161kolu te preuzimanja ud\u017ebenika koji su besplatni za sve u\u010denike.<\/p>\n","protected":false},"excerpt":{"rendered":"<p>Upisi u 1. razred su zavr\u0161eni. Svi u\u010denici su pravovremeno u\u010ditali svoje upisnice koje su verificirane \u0161to zna\u010di da su upisani u I. gimnaziju. Svim upisanim u\u010denicima \u010destitamo na tom uspjehu te im \u017eelimo ugodno ljeto!!! Pozivaju se u\u010denici da krajem kolovoza prate obavijesti na web stranici \u0161kole s obzirom da \u0107e i\u0107i obavijesti oko [&hellip;]<\/p>\n","protected":false},"author":7,"featured_media":0,"comment_status":"closed","ping_status":"0","sticky":false,"template":"","format":"standard","meta":{"_et_pb_use_builder":"","_et_pb_old_content":"","_et_gb_content_width":"","footnotes":""},"categories":[4],"tags":[],"class_list":["post-14923","post","type-post","status-publish","format-standard","hentry","category-najnovije-vijesti"],"_links":{"self":[{"href":"https:\/\/prva.hr\/index.php\/wp-json\/wp\/v2\/posts\/14923","targetHints":{"allow":["GET"]}}],"collection":[{"href":"https:\/\/prva.hr\/index.php\/wp-json\/wp\/v2\/posts"}],"about":[{"href":"https:\/\/prva.hr\/index.php\/wp-json\/wp\/v2\/types\/post"}],"author":[{"embeddable":true,"href":"https:\/\/prva.hr\/index.php\/wp-json\/wp\/v2\/users\/7"}],"replies":[{"embeddable":true,"href":"https:\/\/prva.hr\/index.php\/wp-json\/wp\/v2\/comments?post=14923"}],"version-history":[{"count":3,"href":"https:\/\/prva.hr\/index.php\/wp-json\/wp\/v2\/posts\/14923\/revisions"}],"predecessor-version":[{"id":14926,"href":"https:\/\/prva.hr\/index.php\/wp-json\/wp\/v2\/posts\/14923\/revisions\/14926"}],"wp:attachment":[{"href":"https:\/\/prva.hr\/index.php\/wp-json\/wp\/v2\/media?parent=14923"}],"wp:term":[{"taxonomy":"category","embeddable":true,"href":"https:\/\/prva.hr\/index.php\/wp-json\/wp\/v2\/categories?post=14923"},{"taxonomy":"post_tag","embeddable":true,"href":"https:\/\/prva.hr\/index.php\/wp-json\/wp\/v2\/tags?post=14923"}],"curies":[{"name":"wp","href":"https:\/\/api.w.org\/{rel}","templated":true}]}}