{"id":14928,"date":"2023-07-17T13:41:27","date_gmt":"2023-07-17T11:41:27","guid":{"rendered":"https:\/\/www.prva.hr\/?p=14928"},"modified":"2023-07-17T13:41:38","modified_gmt":"2023-07-17T11:41:38","slug":"svecana-podjela-maturalnih-svjedodzbi-2","status":"publish","type":"post","link":"https:\/\/prva.hr\/index.php\/2023\/07\/17\/svecana-podjela-maturalnih-svjedodzbi-2\/","title":{"rendered":"Sve\u010dana podjela maturalnih svjedod\u017ebi"},"content":{"rendered":"\n<p>Sve\u010dana podjela maturalnih svjedod\u017ebi odr\u017eat \u0107e se&nbsp;<strong>21<\/strong>.<strong>&nbsp;7. 2023.&nbsp;(petak)&nbsp;<\/strong>u 18,15 sati u kinodvorani Prve gimnazije. Maturanti trebaju do\u0107i u \u0161kolu u&nbsp;<strong>17,15 sati<\/strong>&nbsp;radi pripreme i fotografiranja (u u\u010dionice na prvom katu).<\/p>\n\n\n\n<p>Na sve\u010danu dodjelu maturalnih svjedod\u017ebi pozivaju se \u010dlanovi obitelji i prijatelji kako bi uveli\u010dali doga\u0111aj te na taj na\u010din podijelili zadovoljstvo zbog uspje\u0161no zavr\u0161enog \u0161kolovanja!<\/p>\n","protected":false},"excerpt":{"rendered":"<p>Sve\u010dana podjela maturalnih svjedod\u017ebi odr\u017eat \u0107e se&nbsp;21.&nbsp;7. 2023.&nbsp;(petak)&nbsp;u 18,15 sati u kinodvorani Prve gimnazije. Maturanti trebaju do\u0107i u \u0161kolu u&nbsp;17,15 sati&nbsp;radi pripreme i fotografiranja (u u\u010dionice na prvom katu). Na sve\u010danu dodjelu maturalnih svjedod\u017ebi pozivaju se \u010dlanovi obitelji i prijatelji kako bi uveli\u010dali doga\u0111aj te na taj na\u010din podijelili zadovoljstvo zbog uspje\u0161no zavr\u0161enog \u0161kolovanja!<\/p>\n","protected":false},"author":7,"featured_media":14932,"comment_status":"closed","ping_status":"0","sticky":false,"template":"","format":"standard","meta":{"_et_pb_use_builder":"","_et_pb_old_content":"","_et_gb_content_width":"","footnotes":""},"categories":[4],"tags":[],"class_list":["post-14928","post","type-post","status-publish","format-standard","has-post-thumbnail","hentry","category-najnovije-vijesti"],"_links":{"self":[{"href":"https:\/\/prva.hr\/index.php\/wp-json\/wp\/v2\/posts\/14928","targetHints":{"allow":["GET"]}}],"collection":[{"href":"https:\/\/prva.hr\/index.php\/wp-json\/wp\/v2\/posts"}],"about":[{"href":"https:\/\/prva.hr\/index.php\/wp-json\/wp\/v2\/types\/post"}],"author":[{"embeddable":true,"href":"https:\/\/prva.hr\/index.php\/wp-json\/wp\/v2\/users\/7"}],"replies":[{"embeddable":true,"href":"https:\/\/prva.hr\/index.php\/wp-json\/wp\/v2\/comments?post=14928"}],"version-history":[{"count":1,"href":"https:\/\/prva.hr\/index.php\/wp-json\/wp\/v2\/posts\/14928\/revisions"}],"predecessor-version":[{"id":14933,"href":"https:\/\/prva.hr\/index.php\/wp-json\/wp\/v2\/posts\/14928\/revisions\/14933"}],"wp:featuredmedia":[{"embeddable":true,"href":"https:\/\/prva.hr\/index.php\/wp-json\/wp\/v2\/media\/14932"}],"wp:attachment":[{"href":"https:\/\/prva.hr\/index.php\/wp-json\/wp\/v2\/media?parent=14928"}],"wp:term":[{"taxonomy":"category","embeddable":true,"href":"https:\/\/prva.hr\/index.php\/wp-json\/wp\/v2\/categories?post=14928"},{"taxonomy":"post_tag","embeddable":true,"href":"https:\/\/prva.hr\/index.php\/wp-json\/wp\/v2\/tags?post=14928"}],"curies":[{"name":"wp","href":"https:\/\/api.w.org\/{rel}","templated":true}]}}