{"id":14956,"date":"2023-08-09T16:15:31","date_gmt":"2023-08-09T14:15:31","guid":{"rendered":"https:\/\/www.prva.hr\/?p=14956"},"modified":"2023-08-09T17:04:43","modified_gmt":"2023-08-09T15:04:43","slug":"obavijest-o-produljenju-boravka-gimnazije-titusa-brezovackog","status":"publish","type":"post","link":"https:\/\/prva.hr\/index.php\/2023\/08\/09\/obavijest-o-produljenju-boravka-gimnazije-titusa-brezovackog\/","title":{"rendered":"Obavijest o produljenju boravka Gimnazije Titu\u0161a Brezova\u010dkog"},"content":{"rendered":"\n<p>Dana 9. 8. 2023. zaprimljena je obavijest Gradskog ureda za obrazovanje, sport i mlade u kojoj se navodi da se na zahtjev ugovornog izvoditelja produljuje dogovoreni rok o obnovi zgrade Gimnazije Titu\u0161a Brezova\u010dkog te da \u0107e oni zapo\u010deti nastavnu godinu 2023.\/24. u prostoru I. gimnazije. Obavijest o to\u010dnom datumu odlaska najavljena je za sredinu rujna. S obzirom na navedeno, I. gimnazija \u0107e nastavnu godinu zapo\u010deti nastavom u turnusima (jedan ujutro, jedan poslijepodne) kao i do sada. Prvi tjedan nastave, 4. &#8211; 8. 9. 2023. odvijat \u0107e se u jutarnjem turnusu. <\/p>\n","protected":false},"excerpt":{"rendered":"<p>Dana 9. 8. 2023. zaprimljena je obavijest Gradskog ureda za obrazovanje, sport i mlade u kojoj se navodi da se na zahtjev ugovornog izvoditelja produljuje dogovoreni rok o obnovi zgrade Gimnazije Titu\u0161a Brezova\u010dkog te da \u0107e oni zapo\u010deti nastavnu godinu 2023.\/24. u prostoru I. gimnazije. Obavijest o to\u010dnom datumu odlaska najavljena je za sredinu rujna. [&hellip;]<\/p>\n","protected":false},"author":2,"featured_media":0,"comment_status":"closed","ping_status":"0","sticky":false,"template":"","format":"standard","meta":{"_et_pb_use_builder":"","_et_pb_old_content":"","_et_gb_content_width":"","footnotes":""},"categories":[4],"tags":[],"class_list":["post-14956","post","type-post","status-publish","format-standard","hentry","category-najnovije-vijesti"],"_links":{"self":[{"href":"https:\/\/prva.hr\/index.php\/wp-json\/wp\/v2\/posts\/14956","targetHints":{"allow":["GET"]}}],"collection":[{"href":"https:\/\/prva.hr\/index.php\/wp-json\/wp\/v2\/posts"}],"about":[{"href":"https:\/\/prva.hr\/index.php\/wp-json\/wp\/v2\/types\/post"}],"author":[{"embeddable":true,"href":"https:\/\/prva.hr\/index.php\/wp-json\/wp\/v2\/users\/2"}],"replies":[{"embeddable":true,"href":"https:\/\/prva.hr\/index.php\/wp-json\/wp\/v2\/comments?post=14956"}],"version-history":[{"count":4,"href":"https:\/\/prva.hr\/index.php\/wp-json\/wp\/v2\/posts\/14956\/revisions"}],"predecessor-version":[{"id":14960,"href":"https:\/\/prva.hr\/index.php\/wp-json\/wp\/v2\/posts\/14956\/revisions\/14960"}],"wp:attachment":[{"href":"https:\/\/prva.hr\/index.php\/wp-json\/wp\/v2\/media?parent=14956"}],"wp:term":[{"taxonomy":"category","embeddable":true,"href":"https:\/\/prva.hr\/index.php\/wp-json\/wp\/v2\/categories?post=14956"},{"taxonomy":"post_tag","embeddable":true,"href":"https:\/\/prva.hr\/index.php\/wp-json\/wp\/v2\/tags?post=14956"}],"curies":[{"name":"wp","href":"https:\/\/api.w.org\/{rel}","templated":true}]}}