{"id":14969,"date":"2023-08-25T14:52:50","date_gmt":"2023-08-25T12:52:50","guid":{"rendered":"https:\/\/www.prva.hr\/?p=14969"},"modified":"2023-08-25T14:52:51","modified_gmt":"2023-08-25T12:52:51","slug":"vazne-obavijesti-za-pocetak-nove-skolske-godine-2023-2024","status":"publish","type":"post","link":"https:\/\/prva.hr\/index.php\/2023\/08\/25\/vazne-obavijesti-za-pocetak-nove-skolske-godine-2023-2024\/","title":{"rendered":"VA\u017dNE OBAVIJESTI ZA PO\u010cETAK NOVE \u0160KOLSKE GODINE 2023.\/2024."},"content":{"rendered":"\n<p>Infomacije vezane uz 1. dan nastave- 4. rujna 2023. pogledati <a href=\"https:\/\/www.prva.hr\/index.php\/2023\/08\/25\/infomacije-vezane-uz-1-dan-nastave-4-rujna-2023\/\" data-type=\"URL\" data-id=\"https:\/\/www.prva.hr\/index.php\/2023\/08\/25\/infomacije-vezane-uz-1-dan-nastave-4-rujna-2023\/\" target=\"_blank\" rel=\"noreferrer noopener\">ovdje<\/a>.<\/p>\n\n\n\n<p>Obavijesti o odabiru fakultativnih predmeta u novoj \u0161kolskoj godini mo\u017eete pogledati <a href=\"https:\/\/www.prva.hr\/index.php\/2023\/08\/25\/obavijesti-o-odabiru-fakultativnih-predmeta-u-novoj-skolskoj-godini-2023-2024\/\" data-type=\"URL\" data-id=\"https:\/\/www.prva.hr\/index.php\/2023\/08\/25\/obavijesti-o-odabiru-fakultativnih-predmeta-u-novoj-skolskoj-godini-2023-2024\/\" target=\"_blank\" rel=\"noreferrer noopener\">ovdje<\/a>.<\/p>\n\n\n\n<p>Infomacije vezane za preuzimanje ud\u017ebenika za u\u010denike 1. razreda i podjelu reversa za u\u010denike vi\u0161ih razreda mo\u017eete pogledati <a href=\"https:\/\/www.prva.hr\/index.php\/2023\/08\/25\/infomacije-vezane-za-preuzimanje-udzbenika-za-ucenike-1-razreda-i-podjelu-reversa-za-ucenike-visih-razreda\/\" data-type=\"URL\" data-id=\"https:\/\/www.prva.hr\/index.php\/2023\/08\/25\/infomacije-vezane-za-preuzimanje-udzbenika-za-ucenike-1-razreda-i-podjelu-reversa-za-ucenike-visih-razreda\/\" target=\"_blank\" rel=\"noreferrer noopener\">ovdje<\/a>.<\/p>\n","protected":false},"excerpt":{"rendered":"<p>Infomacije vezane uz 1. dan nastave- 4. rujna 2023. pogledati ovdje. Obavijesti o odabiru fakultativnih predmeta u novoj \u0161kolskoj godini mo\u017eete pogledati ovdje. Infomacije vezane za preuzimanje ud\u017ebenika za u\u010denike 1. razreda i podjelu reversa za u\u010denike vi\u0161ih razreda mo\u017eete pogledati ovdje.<\/p>\n","protected":false},"author":7,"featured_media":0,"comment_status":"closed","ping_status":"0","sticky":false,"template":"","format":"standard","meta":{"_et_pb_use_builder":"","_et_pb_old_content":"","_et_gb_content_width":"","footnotes":""},"categories":[4,1],"tags":[],"class_list":["post-14969","post","type-post","status-publish","format-standard","hentry","category-najnovije-vijesti","category-nekategorizirano"],"_links":{"self":[{"href":"https:\/\/prva.hr\/index.php\/wp-json\/wp\/v2\/posts\/14969","targetHints":{"allow":["GET"]}}],"collection":[{"href":"https:\/\/prva.hr\/index.php\/wp-json\/wp\/v2\/posts"}],"about":[{"href":"https:\/\/prva.hr\/index.php\/wp-json\/wp\/v2\/types\/post"}],"author":[{"embeddable":true,"href":"https:\/\/prva.hr\/index.php\/wp-json\/wp\/v2\/users\/7"}],"replies":[{"embeddable":true,"href":"https:\/\/prva.hr\/index.php\/wp-json\/wp\/v2\/comments?post=14969"}],"version-history":[{"count":4,"href":"https:\/\/prva.hr\/index.php\/wp-json\/wp\/v2\/posts\/14969\/revisions"}],"predecessor-version":[{"id":14984,"href":"https:\/\/prva.hr\/index.php\/wp-json\/wp\/v2\/posts\/14969\/revisions\/14984"}],"wp:attachment":[{"href":"https:\/\/prva.hr\/index.php\/wp-json\/wp\/v2\/media?parent=14969"}],"wp:term":[{"taxonomy":"category","embeddable":true,"href":"https:\/\/prva.hr\/index.php\/wp-json\/wp\/v2\/categories?post=14969"},{"taxonomy":"post_tag","embeddable":true,"href":"https:\/\/prva.hr\/index.php\/wp-json\/wp\/v2\/tags?post=14969"}],"curies":[{"name":"wp","href":"https:\/\/api.w.org\/{rel}","templated":true}]}}