{"id":14972,"date":"2023-08-25T14:42:59","date_gmt":"2023-08-25T12:42:59","guid":{"rendered":"https:\/\/www.prva.hr\/?p=14972"},"modified":"2023-08-25T14:43:04","modified_gmt":"2023-08-25T12:43:04","slug":"infomacije-vezane-uz-1-dan-nastave-4-rujna-2023","status":"publish","type":"post","link":"https:\/\/prva.hr\/index.php\/2023\/08\/25\/infomacije-vezane-uz-1-dan-nastave-4-rujna-2023\/","title":{"rendered":"Infomacije vezane uz 1. dan nastave &#8211; 4. rujna 2023."},"content":{"rendered":"\n<p>Nastava u novoj \u0161kolskoj godini 2023.\/2024. zapo\u010dinje u ponedjeljak, 4. rujna 2023. U\u010denici svih razreda dolaze u \u0161kolu u 8,00 sati. <\/p>\n\n\n\n<p>U\u010denici 1. razreda trebaju do\u0107i na zajedni\u010dki sastanak u 8,00 sati u kinodvoranu \u0161kole. Nakon toga \u0107e i\u0107i sa svojim razrednicima u u\u010dionice navedene u rasporedu u\u010dionica u nastavku.<\/p>\n\n\n\n<p>U\u010denici 2., 3. i 4. razreda odlaze u u\u010dionice prema rasporedu.<\/p>\n\n\n\n<p>Raspored razreda po u\u010dionicama za 1. dan nastave mo\u017eete pogledati <a href=\"https:\/\/www.prva.hr\/wp-content\/uploads\/2023\/08\/Ucionice-za-1.-dan-nastave-1.pdf\" data-type=\"URL\" data-id=\"https:\/\/www.prva.hr\/wp-content\/uploads\/2023\/08\/Ucionice-za-1.-dan-nastave-1.pdf\" target=\"_blank\" rel=\"noreferrer noopener\">ovdje<\/a>.<\/p>\n","protected":false},"excerpt":{"rendered":"<p>Nastava u novoj \u0161kolskoj godini 2023.\/2024. zapo\u010dinje u ponedjeljak, 4. rujna 2023. U\u010denici svih razreda dolaze u \u0161kolu u 8,00 sati. U\u010denici 1. razreda trebaju do\u0107i na zajedni\u010dki sastanak u 8,00 sati u kinodvoranu \u0161kole. Nakon toga \u0107e i\u0107i sa svojim razrednicima u u\u010dionice navedene u rasporedu u\u010dionica u nastavku. U\u010denici 2., 3. i 4. [&hellip;]<\/p>\n","protected":false},"author":7,"featured_media":0,"comment_status":"closed","ping_status":"0","sticky":false,"template":"","format":"standard","meta":{"_et_pb_use_builder":"","_et_pb_old_content":"","_et_gb_content_width":"","footnotes":""},"categories":[6],"tags":[],"class_list":["post-14972","post","type-post","status-publish","format-standard","hentry","category-aktualna-dogadanja"],"_links":{"self":[{"href":"https:\/\/prva.hr\/index.php\/wp-json\/wp\/v2\/posts\/14972","targetHints":{"allow":["GET"]}}],"collection":[{"href":"https:\/\/prva.hr\/index.php\/wp-json\/wp\/v2\/posts"}],"about":[{"href":"https:\/\/prva.hr\/index.php\/wp-json\/wp\/v2\/types\/post"}],"author":[{"embeddable":true,"href":"https:\/\/prva.hr\/index.php\/wp-json\/wp\/v2\/users\/7"}],"replies":[{"embeddable":true,"href":"https:\/\/prva.hr\/index.php\/wp-json\/wp\/v2\/comments?post=14972"}],"version-history":[{"count":1,"href":"https:\/\/prva.hr\/index.php\/wp-json\/wp\/v2\/posts\/14972\/revisions"}],"predecessor-version":[{"id":14975,"href":"https:\/\/prva.hr\/index.php\/wp-json\/wp\/v2\/posts\/14972\/revisions\/14975"}],"wp:attachment":[{"href":"https:\/\/prva.hr\/index.php\/wp-json\/wp\/v2\/media?parent=14972"}],"wp:term":[{"taxonomy":"category","embeddable":true,"href":"https:\/\/prva.hr\/index.php\/wp-json\/wp\/v2\/categories?post=14972"},{"taxonomy":"post_tag","embeddable":true,"href":"https:\/\/prva.hr\/index.php\/wp-json\/wp\/v2\/tags?post=14972"}],"curies":[{"name":"wp","href":"https:\/\/api.w.org\/{rel}","templated":true}]}}