{"id":14982,"date":"2023-08-25T14:52:17","date_gmt":"2023-08-25T12:52:17","guid":{"rendered":"https:\/\/www.prva.hr\/?p=14982"},"modified":"2023-08-25T14:52:19","modified_gmt":"2023-08-25T12:52:19","slug":"infomacije-vezane-za-preuzimanje-udzbenika-za-ucenike-1-razreda-i-podjelu-reversa-za-ucenike-visih-razreda","status":"publish","type":"post","link":"https:\/\/prva.hr\/index.php\/2023\/08\/25\/infomacije-vezane-za-preuzimanje-udzbenika-za-ucenike-1-razreda-i-podjelu-reversa-za-ucenike-visih-razreda\/","title":{"rendered":"Infomacije vezane za preuzimanje ud\u017ebenika za u\u010denike 1. razreda i podjelu reversa za u\u010denike vi\u0161ih razreda"},"content":{"rendered":"\n<p>Podjela ud\u017ebenika za <strong>prve razrede<\/strong> \u0107e biti u \u010detvrtak\u00a0 (31. kolovoza) i petak (1. rujna) od\u00a0 9 \u2013 12 sati u staklenoj prostoriji u prizemlju \u0161kole. Kod preuzimanja \u0107e svatko dobiti 2 reversa s popisom ud\u017ebenika \u2013 jedan ostaje za osobnu evidenciju, a drugi potpisani primjerak \u0107e roditelji\/skrbnici predati razredniku na prvom roditeljskom sastanku. Prilikom podizanja kompleta, u\u010denik ili roditelj\/skrbnik treba predo\u010diti bilo kakav dokument u\u010denika s fotografijom. Ako komplet preuzima tre\u0107a osoba umjesto u\u010denika ili roditelja\/skrbnika,\u00a0 to trebate javiti najkasnije do \u010detvrtka (30. kolovoza do 20 sati) na mail <a href=\"mailto:knjiznica.prve@gmail.com\">knjiznica.prve@gmail.com<\/a><\/p>\n\n\n\n<p>Pravo na besplatne ud\u017ebenike i pripadaju\u0107e radne bilje\u017enice imaju svi u\u010denici I. gimnazije neovisno o mjestu prebivali\u0161ta.&nbsp;<\/p>\n\n\n\n<p>Ukoliko imate bilo kakvih pitanja, mo\u017eete se obratiti na mail: <a href=\"mailto:knjiznica.prve@gmail.com\">knjiznica.prve@gmail.com<\/a><\/p>\n\n\n\n<p>U\u010denici drugih, tre\u0107ih i \u010detvrtih razreda reverse za komplet ud\u017ebenika dobit \u0107e prvog dana nastave od razrednika. Jedan primjerak ostaje za vlastitu evidenciju, a drugi potpisani primjerak \u0107e roditelji\/skrbnici predati razredniku na prvom roditeljskom sastanku.<\/p>\n","protected":false},"excerpt":{"rendered":"<p>Podjela ud\u017ebenika za prve razrede \u0107e biti u \u010detvrtak\u00a0 (31. kolovoza) i petak (1. rujna) od\u00a0 9 \u2013 12 sati u staklenoj prostoriji u prizemlju \u0161kole. Kod preuzimanja \u0107e svatko dobiti 2 reversa s popisom ud\u017ebenika \u2013 jedan ostaje za osobnu evidenciju, a drugi potpisani primjerak \u0107e roditelji\/skrbnici predati razredniku na prvom roditeljskom sastanku. Prilikom [&hellip;]<\/p>\n","protected":false},"author":7,"featured_media":0,"comment_status":"closed","ping_status":"0","sticky":false,"template":"","format":"standard","meta":{"_et_pb_use_builder":"","_et_pb_old_content":"","_et_gb_content_width":"","footnotes":""},"categories":[6,72],"tags":[],"class_list":["post-14982","post","type-post","status-publish","format-standard","hentry","category-aktualna-dogadanja","category-nastava-popis-udzbenika"],"_links":{"self":[{"href":"https:\/\/prva.hr\/index.php\/wp-json\/wp\/v2\/posts\/14982","targetHints":{"allow":["GET"]}}],"collection":[{"href":"https:\/\/prva.hr\/index.php\/wp-json\/wp\/v2\/posts"}],"about":[{"href":"https:\/\/prva.hr\/index.php\/wp-json\/wp\/v2\/types\/post"}],"author":[{"embeddable":true,"href":"https:\/\/prva.hr\/index.php\/wp-json\/wp\/v2\/users\/7"}],"replies":[{"embeddable":true,"href":"https:\/\/prva.hr\/index.php\/wp-json\/wp\/v2\/comments?post=14982"}],"version-history":[{"count":1,"href":"https:\/\/prva.hr\/index.php\/wp-json\/wp\/v2\/posts\/14982\/revisions"}],"predecessor-version":[{"id":14983,"href":"https:\/\/prva.hr\/index.php\/wp-json\/wp\/v2\/posts\/14982\/revisions\/14983"}],"wp:attachment":[{"href":"https:\/\/prva.hr\/index.php\/wp-json\/wp\/v2\/media?parent=14982"}],"wp:term":[{"taxonomy":"category","embeddable":true,"href":"https:\/\/prva.hr\/index.php\/wp-json\/wp\/v2\/categories?post=14982"},{"taxonomy":"post_tag","embeddable":true,"href":"https:\/\/prva.hr\/index.php\/wp-json\/wp\/v2\/tags?post=14982"}],"curies":[{"name":"wp","href":"https:\/\/api.w.org\/{rel}","templated":true}]}}