{"id":14996,"date":"2023-09-04T15:04:21","date_gmt":"2023-09-04T13:04:21","guid":{"rendered":"https:\/\/www.prva.hr\/?p=14996"},"modified":"2023-09-05T10:15:29","modified_gmt":"2023-09-05T08:15:29","slug":"podjela-udzbenika-stranih-jezika-i-radnih-biljeznica-u-vanjskoj-ucionici-prvi-razredi","status":"publish","type":"post","link":"https:\/\/prva.hr\/index.php\/2023\/09\/04\/podjela-udzbenika-stranih-jezika-i-radnih-biljeznica-u-vanjskoj-ucionici-prvi-razredi\/","title":{"rendered":"Podjela ud\u017ebenika stranih jezika i radnih bilje\u017enica u vanjskoj u\u010dionici &#8211; PRVI RAZREDI"},"content":{"rendered":"\n<p>Podjela ud\u017ebenika stranih jezika (njema\u010dki i engleski) te radnih bilje\u017enica (hrvatski, biologija, latinski) \u0107e biti sutra, 5. rujna,  prema sljede\u0107em rasporedu:<\/p>\n\n\n\n<ol class=\"wp-block-list\">\n<li><strong>sat<\/strong> &#8211; <strong>1. a, 1. b, 1. c , 1. f<\/strong><\/li>\n\n\n\n<li><strong>sat &#8211; 1. d, 1. e<\/strong><\/li>\n<\/ol>\n\n\n\n<p>Podjela \u0107e biti u vanjskoj u\u010dionici koja se nalazi na sjevernoj strani \u0161kole (slika dolje). <\/p>\n\n\n\n<p>Molim da od svakog razreda do\u0111u po 10 u\u010denika koji bi odnijeli ud\u017ebenike i radne bilje\u017enice u razred. <\/p>\n\n\n\n<p class=\"has-black-color has-text-color\">Tako\u0111er molim da u navedeni termin do\u0111u i u\u010denici koji nisu pokupili komplet ili koji su se javili da im fale ud\u017ebenici u kompletu. <\/p>\n\n\n\n<figure class=\"wp-block-image aligncenter size-full is-resized\"><img decoding=\"async\" data-src=\"https:\/\/www.prva.hr\/wp-content\/uploads\/2023\/09\/vanjska-ucionica.jpg\" alt=\"\" class=\"wp-image-14997 lazyload\" width=\"800\" height=\"600\" data-srcset=\"https:\/\/prva.hr\/wp-content\/uploads\/2023\/09\/vanjska-ucionica.jpg 800w, https:\/\/prva.hr\/wp-content\/uploads\/2023\/09\/vanjska-ucionica-300x225.jpg 300w, https:\/\/prva.hr\/wp-content\/uploads\/2023\/09\/vanjska-ucionica-768x576.jpg 768w, https:\/\/prva.hr\/wp-content\/uploads\/2023\/09\/vanjska-ucionica-400x300.jpg 400w\" data-sizes=\"(max-width: 800px) 100vw, 800px\" src=\"data:image\/svg+xml;base64,PHN2ZyB3aWR0aD0iMSIgaGVpZ2h0PSIxIiB4bWxucz0iaHR0cDovL3d3dy53My5vcmcvMjAwMC9zdmciPjwvc3ZnPg==\" style=\"--smush-placeholder-width: 800px; --smush-placeholder-aspect-ratio: 800\/600;\" \/><figcaption class=\"wp-element-caption\">Vanjska u\u010dionica<\/figcaption><\/figure>\n","protected":false},"excerpt":{"rendered":"<p>Podjela ud\u017ebenika stranih jezika (njema\u010dki i engleski) te radnih bilje\u017enica (hrvatski, biologija, latinski) \u0107e biti sutra, 5. rujna, prema sljede\u0107em rasporedu: Podjela \u0107e biti u vanjskoj u\u010dionici koja se nalazi na sjevernoj strani \u0161kole (slika dolje). Molim da od svakog razreda do\u0111u po 10 u\u010denika koji bi odnijeli ud\u017ebenike i radne bilje\u017enice u razred. Tako\u0111er [&hellip;]<\/p>\n","protected":false},"author":9,"featured_media":0,"comment_status":"closed","ping_status":"0","sticky":false,"template":"","format":"standard","meta":{"_et_pb_use_builder":"","_et_pb_old_content":"","_et_gb_content_width":"","footnotes":""},"categories":[6],"tags":[78],"class_list":["post-14996","post","type-post","status-publish","format-standard","hentry","category-aktualna-dogadanja","tag-udzbenici"],"_links":{"self":[{"href":"https:\/\/prva.hr\/index.php\/wp-json\/wp\/v2\/posts\/14996","targetHints":{"allow":["GET"]}}],"collection":[{"href":"https:\/\/prva.hr\/index.php\/wp-json\/wp\/v2\/posts"}],"about":[{"href":"https:\/\/prva.hr\/index.php\/wp-json\/wp\/v2\/types\/post"}],"author":[{"embeddable":true,"href":"https:\/\/prva.hr\/index.php\/wp-json\/wp\/v2\/users\/9"}],"replies":[{"embeddable":true,"href":"https:\/\/prva.hr\/index.php\/wp-json\/wp\/v2\/comments?post=14996"}],"version-history":[{"count":5,"href":"https:\/\/prva.hr\/index.php\/wp-json\/wp\/v2\/posts\/14996\/revisions"}],"predecessor-version":[{"id":15002,"href":"https:\/\/prva.hr\/index.php\/wp-json\/wp\/v2\/posts\/14996\/revisions\/15002"}],"wp:attachment":[{"href":"https:\/\/prva.hr\/index.php\/wp-json\/wp\/v2\/media?parent=14996"}],"wp:term":[{"taxonomy":"category","embeddable":true,"href":"https:\/\/prva.hr\/index.php\/wp-json\/wp\/v2\/categories?post=14996"},{"taxonomy":"post_tag","embeddable":true,"href":"https:\/\/prva.hr\/index.php\/wp-json\/wp\/v2\/tags?post=14996"}],"curies":[{"name":"wp","href":"https:\/\/api.w.org\/{rel}","templated":true}]}}