{"id":15003,"date":"2023-09-21T11:46:00","date_gmt":"2023-09-21T09:46:00","guid":{"rendered":"https:\/\/www.prva.hr\/?p=15003"},"modified":"2023-09-22T07:53:04","modified_gmt":"2023-09-22T05:53:04","slug":"fakultativna-nastava-za-ucenike-prvih-razreda-sk-god-2023-2024","status":"publish","type":"post","link":"https:\/\/prva.hr\/index.php\/2023\/09\/21\/fakultativna-nastava-za-ucenike-prvih-razreda-sk-god-2023-2024\/","title":{"rendered":"Fakultativna nastava \u2013 \u0161k. god. 2023.\/2024."},"content":{"rendered":"\n<p>U\u010denici koji su odabrali svoj faklultativni predmet za \u0161k. god. 2023.\/2024. trebaju donijeti u \u0161kolsku referadu ispunjeni i potpisani obrazac najkasnije do 11. rujna 2023. Prazan obrazac mo\u017eete preuzeti <a href=\"https:\/\/www.prva.hr\/wp-content\/uploads\/2023\/09\/Obrazac-za-fakultativnu-nastavu.docx\" data-type=\"URL\" data-id=\"https:\/\/www.prva.hr\/wp-content\/uploads\/2023\/09\/Obrazac-za-fakultativnu-nastavu.docx\" target=\"_blank\" rel=\"noreferrer noopener\">ovdje<\/a>.<\/p>\n\n\n\n<p>U\u010denici koji jo\u0161 nisu, a htjeli bi poha\u0111ati neki fakultativni predmet, mogu se prijaviti predmetnom nastavniku do petka, 8. rujna 2023. Nakon toga trebaju tako\u0111er donijeti potpisani obrazac u \u0161kolsku referadu. <\/p>\n\n\n\n<p>U\u010denici koji bi htjeli poha\u0111ati Talijanski po\u010detni, Ma\u0111arski ili Makedonski jezik mogu se do\u0107i prijaviti u \u0161kolsku referadu tako\u0111er do petka, 8. rujna 2023.<\/p>\n","protected":false},"excerpt":{"rendered":"<p>U\u010denici koji su odabrali svoj faklultativni predmet za \u0161k. god. 2023.\/2024. trebaju donijeti u \u0161kolsku referadu ispunjeni i potpisani obrazac najkasnije do 11. rujna 2023. Prazan obrazac mo\u017eete preuzeti ovdje. U\u010denici koji jo\u0161 nisu, a htjeli bi poha\u0111ati neki fakultativni predmet, mogu se prijaviti predmetnom nastavniku do petka, 8. rujna 2023. Nakon toga trebaju tako\u0111er [&hellip;]<\/p>\n","protected":false},"author":7,"featured_media":0,"comment_status":"closed","ping_status":"0","sticky":false,"template":"","format":"standard","meta":{"_et_pb_use_builder":"","_et_pb_old_content":"","_et_gb_content_width":"","footnotes":""},"categories":[4,39],"tags":[],"class_list":["post-15003","post","type-post","status-publish","format-standard","hentry","category-najnovije-vijesti","category-nastava-fakultativna-nastava"],"_links":{"self":[{"href":"https:\/\/prva.hr\/index.php\/wp-json\/wp\/v2\/posts\/15003","targetHints":{"allow":["GET"]}}],"collection":[{"href":"https:\/\/prva.hr\/index.php\/wp-json\/wp\/v2\/posts"}],"about":[{"href":"https:\/\/prva.hr\/index.php\/wp-json\/wp\/v2\/types\/post"}],"author":[{"embeddable":true,"href":"https:\/\/prva.hr\/index.php\/wp-json\/wp\/v2\/users\/7"}],"replies":[{"embeddable":true,"href":"https:\/\/prva.hr\/index.php\/wp-json\/wp\/v2\/comments?post=15003"}],"version-history":[{"count":2,"href":"https:\/\/prva.hr\/index.php\/wp-json\/wp\/v2\/posts\/15003\/revisions"}],"predecessor-version":[{"id":15006,"href":"https:\/\/prva.hr\/index.php\/wp-json\/wp\/v2\/posts\/15003\/revisions\/15006"}],"wp:attachment":[{"href":"https:\/\/prva.hr\/index.php\/wp-json\/wp\/v2\/media?parent=15003"}],"wp:term":[{"taxonomy":"category","embeddable":true,"href":"https:\/\/prva.hr\/index.php\/wp-json\/wp\/v2\/categories?post=15003"},{"taxonomy":"post_tag","embeddable":true,"href":"https:\/\/prva.hr\/index.php\/wp-json\/wp\/v2\/tags?post=15003"}],"curies":[{"name":"wp","href":"https:\/\/api.w.org\/{rel}","templated":true}]}}