{"id":15046,"date":"2023-09-12T17:16:36","date_gmt":"2023-09-12T15:16:36","guid":{"rendered":"https:\/\/www.prva.hr\/?p=15046"},"modified":"2023-09-12T17:16:40","modified_gmt":"2023-09-12T15:16:40","slug":"izvannastavne-aktivnosti-u-sk-god-2023-2024","status":"publish","type":"post","link":"https:\/\/prva.hr\/index.php\/2023\/09\/12\/izvannastavne-aktivnosti-u-sk-god-2023-2024\/","title":{"rendered":"Izvannastavne aktivnosti u \u0161k. god. 2023.\/2024."},"content":{"rendered":"\n<p><strong>Audio in\u017eenjering<\/strong> &#8211; prvi sastanak 18.9.2023., 8. sat u kinodvorni, voditelj: Robert Martinovi\u0107<\/p>\n\n\n\n<p><strong>Blog<\/strong> &#8211; zainteresirani u\u010denici mogu se javiti profesorici Heleni Begi\u0107 osobno ili na e -mail: helena.begic@gmail.com<\/p>\n\n\n\n<p><strong>\u010citateljski klub<\/strong> &#8211; zainteresirani u\u010denici mogu se javiti knji\u017eni\u010darki Tinki Barbutov Krsteva osobno ili na e -mail: knjiznica.prve@gmail.com<\/p>\n\n\n\n<p><strong>Debatni klub<\/strong> &#8211; zainteresirani u\u010denici mogu se javiti profesorici Dunji Opati\u0107 Sanuri osobno ili na e -mail: dunjaopa@gmail.com<\/p>\n\n\n\n<p><strong>Eko grupa<\/strong> &#8211; zainteresirani u\u010denici mogu se javiti profesorici Meri Matu\u0161an osobno ili na e -mail: meri.matusan@gmail.com<\/p>\n\n\n\n<p><strong>Povijesna grupa<\/strong> &#8211; zainteresirani u\u010denici mogu se javiti profesoru Andriji Lovri\u0107u osobno ili na e -mail: androlovric@gmail.com<\/p>\n\n\n\n<p><strong>\u0160kolsko sportsko dru\u0161tvo Prva<\/strong> &#8211; zainteresirani u\u010denici mogu se javiti profesorima Tjelesne i zdravstvene kulture<\/p>\n\n\n\n<p><strong>Tribine Prijatelji Prve<\/strong> &#8211; zainteresirani u\u010denici mogu se javiti profesoru Andriji Lovri\u0107u osobno ili na e -mail: androlovric@gmail.com<\/p>\n\n\n\n<p><strong>Volonterski klub<\/strong> &#8211; zainteresirani u\u010denici mogu se javiti \u0161kolskoj psihologinji Vlasti Luka\u010devi\u0107 osobno ili na e -mail: psihologinjaprve@gmail.com<\/p>\n\n\n\n<p><strong>Zadruga IZ PRVE RUKE<\/strong> &#8211; zainteresirani u\u010denici mogu se javiti profesorici Gordani Sekuli\u0107 \u0160tiv\u010devi\u0107 osobno ili na e -mail: gstivcevic@gmail.com<\/p>\n","protected":false},"excerpt":{"rendered":"<p>Audio in\u017eenjering &#8211; prvi sastanak 18.9.2023., 8. sat u kinodvorni, voditelj: Robert Martinovi\u0107 Blog &#8211; zainteresirani u\u010denici mogu se javiti profesorici Heleni Begi\u0107 osobno ili na e -mail: helena.begic@gmail.com \u010citateljski klub &#8211; zainteresirani u\u010denici mogu se javiti knji\u017eni\u010darki Tinki Barbutov Krsteva osobno ili na e -mail: knjiznica.prve@gmail.com Debatni klub &#8211; zainteresirani u\u010denici mogu se javiti [&hellip;]<\/p>\n","protected":false},"author":7,"featured_media":0,"comment_status":"closed","ping_status":"0","sticky":false,"template":"","format":"standard","meta":{"_et_pb_use_builder":"","_et_pb_old_content":"","_et_gb_content_width":"","footnotes":""},"categories":[4],"tags":[],"class_list":["post-15046","post","type-post","status-publish","format-standard","hentry","category-najnovije-vijesti"],"_links":{"self":[{"href":"https:\/\/prva.hr\/index.php\/wp-json\/wp\/v2\/posts\/15046","targetHints":{"allow":["GET"]}}],"collection":[{"href":"https:\/\/prva.hr\/index.php\/wp-json\/wp\/v2\/posts"}],"about":[{"href":"https:\/\/prva.hr\/index.php\/wp-json\/wp\/v2\/types\/post"}],"author":[{"embeddable":true,"href":"https:\/\/prva.hr\/index.php\/wp-json\/wp\/v2\/users\/7"}],"replies":[{"embeddable":true,"href":"https:\/\/prva.hr\/index.php\/wp-json\/wp\/v2\/comments?post=15046"}],"version-history":[{"count":1,"href":"https:\/\/prva.hr\/index.php\/wp-json\/wp\/v2\/posts\/15046\/revisions"}],"predecessor-version":[{"id":15047,"href":"https:\/\/prva.hr\/index.php\/wp-json\/wp\/v2\/posts\/15046\/revisions\/15047"}],"wp:attachment":[{"href":"https:\/\/prva.hr\/index.php\/wp-json\/wp\/v2\/media?parent=15046"}],"wp:term":[{"taxonomy":"category","embeddable":true,"href":"https:\/\/prva.hr\/index.php\/wp-json\/wp\/v2\/categories?post=15046"},{"taxonomy":"post_tag","embeddable":true,"href":"https:\/\/prva.hr\/index.php\/wp-json\/wp\/v2\/tags?post=15046"}],"curies":[{"name":"wp","href":"https:\/\/api.w.org\/{rel}","templated":true}]}}