{"id":15053,"date":"2023-09-14T16:25:24","date_gmt":"2023-09-14T14:25:24","guid":{"rendered":"https:\/\/www.prva.hr\/?p=15053"},"modified":"2023-11-08T18:16:01","modified_gmt":"2023-11-08T17:16:01","slug":"nova-stipendistica-zaklade-i-gimnazije-akica-je-matija-ladovic","status":"publish","type":"post","link":"https:\/\/prva.hr\/index.php\/2023\/09\/14\/nova-stipendistica-zaklade-i-gimnazije-akica-je-matija-ladovic\/","title":{"rendered":"Nova stipendistica Zaklade I. gimnazije Akica je Matija Ladovi\u0107"},"content":{"rendered":"\n<p>U srijedu 13. rujna 2023. Upravni odbor Zaklade I. gimnazije Akica, temeljem odr\u017eanog natje\u010daja i uspje\u0161nog motivacijskog razgovora, donio je odluku o dodjeli ovogodi\u0161nje nov\u010dane potpore u iznosu 3.600 eura u obrazovne svrhe maturantici 4.c razreda &#8211; <strong>Matiji Ladovi\u0107<\/strong>.<\/p>\n\n\n\n<p>I. gimnazija je jedna od rijetkih \u0161kola koje imaju svoju zakladu. Zaklada I. gimnazije Akica za pru\u017eanje nov\u010dane potpore za nastavak \u0161kolovanja na po\u010detku studija, osnovana je 2020. zahvaljuju\u0107i velikodu\u0161nosti i nov\u010danoj donaciji g\u0111e. Ivane Canki. Potaknut gestom g\u0111e. Canki, nov\u010danu donaciju Zakladi donirao je i  gosp. Vjekoslav \u0160ubi\u0107. Vi\u0161e na: <\/p>\n\n\n\n<p><a href=\"https:\/\/www.prva.hr\/index.php\/2020\/12\/03\/zaklada-akica-u-medijima\/\">https:\/\/www.prva.hr\/index.php\/2020\/12\/03\/zaklada-akica-u-medijima\/<\/a><\/p>\n\n\n\n<p><a href=\"https:\/\/www.prva.hr\/index.php\/2022\/05\/18\/novi-donator-zaklade-i-gimnazije-akica\/\">https:\/\/www.prva.hr\/index.php\/2023\/05\/18\/novi -donator-zaklade-i-gimnazije-akica\/<\/a><\/p>\n\n\n\n<p>Stipendistica Matija Ladovi\u0107, odli\u010dna je maturantica i uspje\u0161no je polo\u017eila ispite dr\u017eavne mature. Dolazi iz vi\u0161e\u010dlane obitelji i nastavlja obrazovanje u podru\u010dju multimedije u Vara\u017edinu. U \u0161koli se posebno istaknula o izvannastavnim aktivnostima, aktivno sudjeluju\u0107i u Volonterskom klubu i sekciji Kreativci Zadruge Iz Prve ruke I. gimnazije.<\/p>\n\n\n\n<p>Iskrene \u010destitke Matiji i puno sre\u0107e u daljnjem \u0161kolovanju!<\/p>\n\n\n\n<figure class=\"wp-block-image size-large is-resized\"><img decoding=\"async\" data-src=\"https:\/\/www.prva.hr\/wp-content\/uploads\/2023\/09\/akica-foto-2-798x1024.jpg\" alt=\"\" class=\"wp-image-15057 lazyload\" width=\"413\" height=\"530\" data-srcset=\"https:\/\/prva.hr\/wp-content\/uploads\/2023\/09\/akica-foto-2-798x1024.jpg 798w, https:\/\/prva.hr\/wp-content\/uploads\/2023\/09\/akica-foto-2-234x300.jpg 234w, https:\/\/prva.hr\/wp-content\/uploads\/2023\/09\/akica-foto-2-768x985.jpg 768w, https:\/\/prva.hr\/wp-content\/uploads\/2023\/09\/akica-foto-2-1198x1536.jpg 1198w, https:\/\/prva.hr\/wp-content\/uploads\/2023\/09\/akica-foto-2.jpg 1242w\" data-sizes=\"(max-width: 413px) 100vw, 413px\" src=\"data:image\/svg+xml;base64,PHN2ZyB3aWR0aD0iMSIgaGVpZ2h0PSIxIiB4bWxucz0iaHR0cDovL3d3dy53My5vcmcvMjAwMC9zdmciPjwvc3ZnPg==\" style=\"--smush-placeholder-width: 413px; --smush-placeholder-aspect-ratio: 413\/530;\" \/><\/figure>\n\n\n\n<figure class=\"wp-block-image size-full is-resized\"><img decoding=\"async\" data-src=\"https:\/\/www.prva.hr\/wp-content\/uploads\/2023\/09\/akica-foto-1-1.jpg\" alt=\"\" class=\"wp-image-15059 lazyload\" width=\"530\" height=\"426\" data-srcset=\"https:\/\/prva.hr\/wp-content\/uploads\/2023\/09\/akica-foto-1-1.jpg 874w, https:\/\/prva.hr\/wp-content\/uploads\/2023\/09\/akica-foto-1-1-300x242.jpg 300w, https:\/\/prva.hr\/wp-content\/uploads\/2023\/09\/akica-foto-1-1-768x619.jpg 768w, https:\/\/prva.hr\/wp-content\/uploads\/2023\/09\/akica-foto-1-1-372x300.jpg 372w\" data-sizes=\"(max-width: 530px) 100vw, 530px\" src=\"data:image\/svg+xml;base64,PHN2ZyB3aWR0aD0iMSIgaGVpZ2h0PSIxIiB4bWxucz0iaHR0cDovL3d3dy53My5vcmcvMjAwMC9zdmciPjwvc3ZnPg==\" style=\"--smush-placeholder-width: 530px; --smush-placeholder-aspect-ratio: 530\/426;\" \/><\/figure>\n\n\n\n<p>Slika1.-2. Matija Ladovi\u0107 je nova stipendistica Zaklade I. gimnazije Akica za \u0161k. godinu 2022.\/23.<\/p>\n","protected":false},"excerpt":{"rendered":"<p>U srijedu 13. rujna 2023. Upravni odbor Zaklade I. gimnazije Akica, temeljem odr\u017eanog natje\u010daja i uspje\u0161nog motivacijskog razgovora, donio je odluku o dodjeli ovogodi\u0161nje nov\u010dane potpore u iznosu 3.600 eura u obrazovne svrhe maturantici 4.c razreda &#8211; Matiji Ladovi\u0107. I. gimnazija je jedna od rijetkih \u0161kola koje imaju svoju zakladu. Zaklada I. gimnazije Akica za [&hellip;]<\/p>\n","protected":false},"author":6,"featured_media":14907,"comment_status":"closed","ping_status":"0","sticky":false,"template":"","format":"standard","meta":{"_et_pb_use_builder":"","_et_pb_old_content":"","_et_gb_content_width":"","footnotes":""},"categories":[4,79],"tags":[],"class_list":["post-15053","post","type-post","status-publish","format-standard","has-post-thumbnail","hentry","category-najnovije-vijesti","category-zaklada"],"_links":{"self":[{"href":"https:\/\/prva.hr\/index.php\/wp-json\/wp\/v2\/posts\/15053","targetHints":{"allow":["GET"]}}],"collection":[{"href":"https:\/\/prva.hr\/index.php\/wp-json\/wp\/v2\/posts"}],"about":[{"href":"https:\/\/prva.hr\/index.php\/wp-json\/wp\/v2\/types\/post"}],"author":[{"embeddable":true,"href":"https:\/\/prva.hr\/index.php\/wp-json\/wp\/v2\/users\/6"}],"replies":[{"embeddable":true,"href":"https:\/\/prva.hr\/index.php\/wp-json\/wp\/v2\/comments?post=15053"}],"version-history":[{"count":10,"href":"https:\/\/prva.hr\/index.php\/wp-json\/wp\/v2\/posts\/15053\/revisions"}],"predecessor-version":[{"id":15069,"href":"https:\/\/prva.hr\/index.php\/wp-json\/wp\/v2\/posts\/15053\/revisions\/15069"}],"wp:featuredmedia":[{"embeddable":true,"href":"https:\/\/prva.hr\/index.php\/wp-json\/wp\/v2\/media\/14907"}],"wp:attachment":[{"href":"https:\/\/prva.hr\/index.php\/wp-json\/wp\/v2\/media?parent=15053"}],"wp:term":[{"taxonomy":"category","embeddable":true,"href":"https:\/\/prva.hr\/index.php\/wp-json\/wp\/v2\/categories?post=15053"},{"taxonomy":"post_tag","embeddable":true,"href":"https:\/\/prva.hr\/index.php\/wp-json\/wp\/v2\/tags?post=15053"}],"curies":[{"name":"wp","href":"https:\/\/api.w.org\/{rel}","templated":true}]}}