{"id":15214,"date":"2023-10-03T08:49:54","date_gmt":"2023-10-03T06:49:54","guid":{"rendered":"https:\/\/www.prva.hr\/?p=15214"},"modified":"2023-10-23T15:23:11","modified_gmt":"2023-10-23T13:23:11","slug":"aktivnosti-skolskog-programa-profesionalnog-informiranja-i-usmjeravanja","status":"publish","type":"post","link":"https:\/\/prva.hr\/index.php\/2023\/10\/03\/aktivnosti-skolskog-programa-profesionalnog-informiranja-i-usmjeravanja\/","title":{"rendered":"Aktivnosti \u0160kolskog programa profesionalnog informiranja i usmjeravanja"},"content":{"rendered":"\n<p>U okviru \u0160kolskog programa profesionalnog informiranja i usmjeravanja, u ponedjeljak 2. 10. 20203.&nbsp;&nbsp;\u0161k. psihologinja V. Luka\u010devi\u0107, prof.&nbsp; i \u0161k. soc. pedagoginja \u017d. Gregorin odr\u017eale su grupno informiranje za u\u010denike i u\u010denice svih \u010detvrtih razreda o aktivnostima<strong>&nbsp;\u0160kolskog programa profesionalnog informiranja i usmjeravanja<\/strong>.<\/p>\n\n\n\n<p>Najavljene su aktivnosti i doga\u0111anja od interesa u\u010denika u cilju lak\u0161eg dono\u0161enja odluka oko izbora studija:<\/p>\n\n\n\n<p>1.&nbsp;PSIHOFEST &#8211; Festival popularizacije psihologije, 1.10.2023., Filozofski fakultet Zagreb<\/p>\n\n\n\n<p>2. IntegralEdu I<strong>NFO \u0160TAND<\/strong> u predvorju \u0161kole &#8211; srijeda 11.10. 2023.<\/p>\n\n\n\n<p>3. InteralEdu <strong>&#8220;World Education Fair&#8221; <\/strong>&#8211; subota 14.10. 2023.- Hotel Dubrovnik, 10-16 sati<\/p>\n\n\n\n<p>4.&nbsp;EDUFEST &#8211; <strong>Festival studiranja i studentskog \u017eivota&nbsp;<\/strong>Instituta za razvoj obrazovanja- petak&nbsp;20.10.2023., Studentski centar, 11-18 sati<\/p>\n\n\n\n<p>5. BHV Education&nbsp;<strong>\u201cDani mobilnosti i edukacije\u201d<\/strong>&nbsp;21.10. 2023., Hotel Hilton, 10-17 sati<\/p>\n\n\n\n<p>6. Prezentacija u \u0161koli&nbsp;<strong>\u201cSveu\u010dili\u0161ni studijski programi na HVU i zanimanje vojni pilot\u201d<\/strong>&nbsp;14.11. 2023.<\/p>\n\n\n\n<p>7.&nbsp;<strong>Peer \u2013 prezentacije<\/strong>&nbsp;pojedinih fakulteta od strane biv\u0161ih u\u010denika \u0161kole<\/p>\n\n\n\n<p>8. Provedba<strong>&nbsp;projekta \u201cPriprema, pozor, START\u201d<\/strong>&nbsp;u I. gimnaziji<\/p>\n\n\n\n<p>9.\u00a0<strong>Centar\u00a0 za informiranje i savjetovanje o karijeri CISOK<\/strong>\u00a0\u2013 sudjelovanje\u00a0grupe maturanata\/ica na grupnom profesionalnom informiranju te mogu\u0107nost besplatnog individualnog profesionalnog savjetovanja- ponedjeljak <strong>23.10. 2023. CISOK Sredi\u0161\u0107e, S<\/strong>avezne Republike Njema\u010dke 6 Zagreb, 9-10h<\/p>\n\n\n\n<p>10. <strong>Zaklada AKICA<\/strong> I. gimnazije &#8211; nov\u010dana podr\u0161ka maturantima I. gimnazije za nastavak \u0161kolovanja<\/p>\n\n\n\n<p>Maturanti&nbsp; i maturantice su upu\u0107eni na kori\u0161tenje korisnih materijala poput Alata za upravljanje karijerom, upitnika interesa i kompetencija, online Vodi\u010da za budu\u0107e studente na poveznicama:<\/p>\n\n\n\n<p><a href=\"https:\/\/cisok.hr\/\">https:\/\/cisok.hr\/<\/a><\/p>\n\n\n\n<p><a href=\"https:\/\/e-usmjeravanje.hzz.hr\/\">https:\/\/e-usmjeravanje.hzz.hr\/<\/a><\/p>\n\n\n\n<p><a href=\"https:\/\/www.postani-student.hr\/\">www.postani-student.hr<\/a><\/p>\n\n\n\n<p><a href=\"https:\/\/mozvag.srce.hr\/preglednik\/\">https:\/\/mozvag.srce.hr\/preglednik\/<\/a><\/p>\n\n\n\n<p><a href=\"https:\/\/www.studij.hr\/\">https:\/\/studij.hr<\/a><\/p>\n\n\n\n<p><a href=\"https:\/\/iro.hr\/\">https:\/\/iro.hr\/<\/a><\/p>\n\n\n\n<p><a href=\"https:\/\/www.unizg.hr\/fileadmin\/rektorat\/Studiji_studiranje\/Studiji\/Studiranje\/Vodici_za_buduce_studente\/Smotra_2021-Vodic_za_buduce_studente_za_22_23.pdf\">http:\/\/smotra.unizg.hr\/fileadmin\/smotra2022\/docs\/Vodic-za-buduce-studente-2022.pdf<\/a><\/p>\n\n\n\n<p><a href=\"https:\/\/www.putkarijere.hr\/\">https:\/\/www.putkarijere.hr\/<\/a><\/p>\n\n\n\n<p><a href=\"https:\/\/vjestinebuducnosti.a1.hr\/\">https:\/\/vjestinebuducnosti.a1.hr\/<\/a><\/p>\n\n\n\n<figure class=\"wp-block-image size-full\"><img decoding=\"async\" width=\"183\" height=\"275\" data-src=\"https:\/\/www.prva.hr\/wp-content\/uploads\/2023\/10\/sppi-foto2.jpg\" alt=\"\" class=\"wp-image-15218 lazyload\" src=\"data:image\/svg+xml;base64,PHN2ZyB3aWR0aD0iMSIgaGVpZ2h0PSIxIiB4bWxucz0iaHR0cDovL3d3dy53My5vcmcvMjAwMC9zdmciPjwvc3ZnPg==\" style=\"--smush-placeholder-width: 183px; --smush-placeholder-aspect-ratio: 183\/275;\" \/><\/figure>\n","protected":false},"excerpt":{"rendered":"<p>U okviru \u0160kolskog programa profesionalnog informiranja i usmjeravanja, u ponedjeljak 2. 10. 20203.&nbsp;&nbsp;\u0161k. psihologinja V. Luka\u010devi\u0107, prof.&nbsp; i \u0161k. soc. pedagoginja \u017d. Gregorin odr\u017eale su grupno informiranje za u\u010denike i u\u010denice svih \u010detvrtih razreda o aktivnostima&nbsp;\u0160kolskog programa profesionalnog informiranja i usmjeravanja. Najavljene su aktivnosti i doga\u0111anja od interesa u\u010denika u cilju lak\u0161eg dono\u0161enja odluka oko [&hellip;]<\/p>\n","protected":false},"author":6,"featured_media":15217,"comment_status":"closed","ping_status":"0","sticky":false,"template":"","format":"standard","meta":{"_et_pb_use_builder":"","_et_pb_old_content":"","_et_gb_content_width":"","footnotes":""},"categories":[5,51],"tags":[],"class_list":["post-15214","post","type-post","status-publish","format-standard","has-post-thumbnail","hentry","category-aktivnosti","category-profesionalna-orijentacija"],"_links":{"self":[{"href":"https:\/\/prva.hr\/index.php\/wp-json\/wp\/v2\/posts\/15214","targetHints":{"allow":["GET"]}}],"collection":[{"href":"https:\/\/prva.hr\/index.php\/wp-json\/wp\/v2\/posts"}],"about":[{"href":"https:\/\/prva.hr\/index.php\/wp-json\/wp\/v2\/types\/post"}],"author":[{"embeddable":true,"href":"https:\/\/prva.hr\/index.php\/wp-json\/wp\/v2\/users\/6"}],"replies":[{"embeddable":true,"href":"https:\/\/prva.hr\/index.php\/wp-json\/wp\/v2\/comments?post=15214"}],"version-history":[{"count":9,"href":"https:\/\/prva.hr\/index.php\/wp-json\/wp\/v2\/posts\/15214\/revisions"}],"predecessor-version":[{"id":15510,"href":"https:\/\/prva.hr\/index.php\/wp-json\/wp\/v2\/posts\/15214\/revisions\/15510"}],"wp:featuredmedia":[{"embeddable":true,"href":"https:\/\/prva.hr\/index.php\/wp-json\/wp\/v2\/media\/15217"}],"wp:attachment":[{"href":"https:\/\/prva.hr\/index.php\/wp-json\/wp\/v2\/media?parent=15214"}],"wp:term":[{"taxonomy":"category","embeddable":true,"href":"https:\/\/prva.hr\/index.php\/wp-json\/wp\/v2\/categories?post=15214"},{"taxonomy":"post_tag","embeddable":true,"href":"https:\/\/prva.hr\/index.php\/wp-json\/wp\/v2\/tags?post=15214"}],"curies":[{"name":"wp","href":"https:\/\/api.w.org\/{rel}","templated":true}]}}