{"id":15234,"date":"2023-10-03T12:33:52","date_gmt":"2023-10-03T10:33:52","guid":{"rendered":"https:\/\/www.prva.hr\/?p=15234"},"modified":"2023-10-03T12:33:57","modified_gmt":"2023-10-03T10:33:57","slug":"godisnji-plan-i-program-rada-skole-za-sk-god-2023-2024-2","status":"publish","type":"post","link":"https:\/\/prva.hr\/index.php\/2023\/10\/03\/godisnji-plan-i-program-rada-skole-za-sk-god-2023-2024-2\/","title":{"rendered":"Godi\u0161nji plan i program rada \u0161kole za \u0161k. god. 2023.\/2024."},"content":{"rendered":"\n<p>Slu\u017ebenu verziju Godi\u0161njeg plana i programa rada \u0161kole za \u0161k. god. 2023.\/2024. mo\u017eete pogledati <a href=\"https:\/\/www.prva.hr\/wp-content\/uploads\/2023\/10\/GPP-2023-2024.pdf\" data-type=\"URL\" data-id=\"https:\/\/www.prva.hr\/wp-content\/uploads\/2023\/10\/GPP-2023-2024.pdf\" target=\"_blank\" rel=\"noreferrer noopener\">ovdje<\/a>.<\/p>\n","protected":false},"excerpt":{"rendered":"<p>Slu\u017ebenu verziju Godi\u0161njeg plana i programa rada \u0161kole za \u0161k. god. 2023.\/2024. mo\u017eete pogledati ovdje.<\/p>\n","protected":false},"author":7,"featured_media":0,"comment_status":"closed","ping_status":"0","sticky":false,"template":"","format":"standard","meta":{"_et_pb_use_builder":"","_et_pb_old_content":"","_et_gb_content_width":"","footnotes":""},"categories":[4,36],"tags":[],"class_list":["post-15234","post","type-post","status-publish","format-standard","hentry","category-najnovije-vijesti","category-sluzbeni-dio-akti-skole"],"_links":{"self":[{"href":"https:\/\/prva.hr\/index.php\/wp-json\/wp\/v2\/posts\/15234","targetHints":{"allow":["GET"]}}],"collection":[{"href":"https:\/\/prva.hr\/index.php\/wp-json\/wp\/v2\/posts"}],"about":[{"href":"https:\/\/prva.hr\/index.php\/wp-json\/wp\/v2\/types\/post"}],"author":[{"embeddable":true,"href":"https:\/\/prva.hr\/index.php\/wp-json\/wp\/v2\/users\/7"}],"replies":[{"embeddable":true,"href":"https:\/\/prva.hr\/index.php\/wp-json\/wp\/v2\/comments?post=15234"}],"version-history":[{"count":1,"href":"https:\/\/prva.hr\/index.php\/wp-json\/wp\/v2\/posts\/15234\/revisions"}],"predecessor-version":[{"id":15235,"href":"https:\/\/prva.hr\/index.php\/wp-json\/wp\/v2\/posts\/15234\/revisions\/15235"}],"wp:attachment":[{"href":"https:\/\/prva.hr\/index.php\/wp-json\/wp\/v2\/media?parent=15234"}],"wp:term":[{"taxonomy":"category","embeddable":true,"href":"https:\/\/prva.hr\/index.php\/wp-json\/wp\/v2\/categories?post=15234"},{"taxonomy":"post_tag","embeddable":true,"href":"https:\/\/prva.hr\/index.php\/wp-json\/wp\/v2\/tags?post=15234"}],"curies":[{"name":"wp","href":"https:\/\/api.w.org\/{rel}","templated":true}]}}