{"id":15253,"date":"2023-10-04T09:15:01","date_gmt":"2023-10-04T07:15:01","guid":{"rendered":"https:\/\/www.prva.hr\/?p=15253"},"modified":"2023-10-04T09:26:50","modified_gmt":"2023-10-04T07:26:50","slug":"otvoren-natjecaj-za-hmc-stipendiju","status":"publish","type":"post","link":"https:\/\/prva.hr\/index.php\/2023\/10\/04\/otvoren-natjecaj-za-hmc-stipendiju\/","title":{"rendered":"Otvoren natje\u010daj za HMC stipendije i \u0161kolovanje u Velikoj Britaniji"},"content":{"rendered":"\n<p>U suradnji s&nbsp;<a href=\"https:\/\/www.hmc.org.uk\/about-us\/hmc-projects\/\">The Heads\u2019 Conference (HMC)<\/a>, Forum za slobodu odgoja kao nacionalni administrator raspisuje natje\u010daj za 32. generaciju HMC stipendista i stipendistica iz Republike Hrvatske.<\/p>\n\n\n\n<p>Cilj ovoga programa je omogu\u0107iti hrvatskim u\u010denicima obrazovanje u presti\u017enim srednjim \u0161kolama Ujedinjenog Kraljevstva, upoznavanje s drugim kulturama, u\u010denje jezika, do\u017eivljaj druga\u010dijeg \u0161kolovanja koje se razlikuje od onog u Hrvatskoj te otvaranje \u0161irokog spektra mogu\u0107nosti za daljnje obrazovanje. <\/p>\n\n\n\n<p>Program HMC stipendija otvoren je u\u010denicama i u\u010denicima <strong>drugih razreda<\/strong> \u010detverogodi\u0161njih srednjih \u0161kola u Republici Hrvatskoj koji \u017eele nastaviti srednjo\u0161kolsko obrazovanje u presti\u017enim \u0161kolama \u010dlanicama HMC mre\u017ee \u0161kola.<\/p>\n\n\n\n<p>Program je otvoren od <strong>2. listopada 2023.  do 24. studenoga 2023. <\/strong><\/p>\n\n\n\n<p>Vi\u0161e na poveznici:<\/p>\n\n\n\n<p><a href=\"https:\/\/fso.hr\/natjecaj-za-32-generaciju-hmc-stipendista-i-stipendistica\/\">https:\/\/fso.hr\/natjecaj-za-32-generaciju-hmc-stipendista-i-stipendistica\/<\/a><\/p>\n","protected":false},"excerpt":{"rendered":"<p>U suradnji s&nbsp;The Heads\u2019 Conference (HMC), Forum za slobodu odgoja kao nacionalni administrator raspisuje natje\u010daj za 32. generaciju HMC stipendista i stipendistica iz Republike Hrvatske. Cilj ovoga programa je omogu\u0107iti hrvatskim u\u010denicima obrazovanje u presti\u017enim srednjim \u0161kolama Ujedinjenog Kraljevstva, upoznavanje s drugim kulturama, u\u010denje jezika, do\u017eivljaj druga\u010dijeg \u0161kolovanja koje se razlikuje od onog u Hrvatskoj [&hellip;]<\/p>\n","protected":false},"author":6,"featured_media":15256,"comment_status":"closed","ping_status":"0","sticky":false,"template":"","format":"standard","meta":{"_et_pb_use_builder":"","_et_pb_old_content":"","_et_gb_content_width":"","footnotes":""},"categories":[51],"tags":[],"class_list":["post-15253","post","type-post","status-publish","format-standard","has-post-thumbnail","hentry","category-profesionalna-orijentacija"],"_links":{"self":[{"href":"https:\/\/prva.hr\/index.php\/wp-json\/wp\/v2\/posts\/15253","targetHints":{"allow":["GET"]}}],"collection":[{"href":"https:\/\/prva.hr\/index.php\/wp-json\/wp\/v2\/posts"}],"about":[{"href":"https:\/\/prva.hr\/index.php\/wp-json\/wp\/v2\/types\/post"}],"author":[{"embeddable":true,"href":"https:\/\/prva.hr\/index.php\/wp-json\/wp\/v2\/users\/6"}],"replies":[{"embeddable":true,"href":"https:\/\/prva.hr\/index.php\/wp-json\/wp\/v2\/comments?post=15253"}],"version-history":[{"count":4,"href":"https:\/\/prva.hr\/index.php\/wp-json\/wp\/v2\/posts\/15253\/revisions"}],"predecessor-version":[{"id":15258,"href":"https:\/\/prva.hr\/index.php\/wp-json\/wp\/v2\/posts\/15253\/revisions\/15258"}],"wp:featuredmedia":[{"embeddable":true,"href":"https:\/\/prva.hr\/index.php\/wp-json\/wp\/v2\/media\/15256"}],"wp:attachment":[{"href":"https:\/\/prva.hr\/index.php\/wp-json\/wp\/v2\/media?parent=15253"}],"wp:term":[{"taxonomy":"category","embeddable":true,"href":"https:\/\/prva.hr\/index.php\/wp-json\/wp\/v2\/categories?post=15253"},{"taxonomy":"post_tag","embeddable":true,"href":"https:\/\/prva.hr\/index.php\/wp-json\/wp\/v2\/tags?post=15253"}],"curies":[{"name":"wp","href":"https:\/\/api.w.org\/{rel}","templated":true}]}}