{"id":15265,"date":"2023-10-06T12:50:33","date_gmt":"2023-10-06T10:50:33","guid":{"rendered":"https:\/\/www.prva.hr\/?p=15265"},"modified":"2023-10-06T13:14:15","modified_gmt":"2023-10-06T11:14:15","slug":"5-5","status":"publish","type":"post","link":"https:\/\/prva.hr\/index.php\/2023\/10\/06\/5-5\/","title":{"rendered":"5\/5"},"content":{"rendered":"\n<p>Na\u0161a profesorica Gordana Sekuli\u0107-\u0160tiv\u010devi\u0107 obogatila je svoju kolekciju nagrada za najbolje odgojno-obrazovne djelatnike. Na Me\u0111unarodni dan u\u010ditelja na\u0161la se me\u0111u 505 nagra\u0111enih za \u0161k. god. 2022.\/23. Nagrada se dodjeljuje petu godinu za redom, a prof. Sekuli\u0107-\u0160tiv\u010devi\u0107 dobila ju je svih pet puta. \u010cestitamo na 5\/5!<\/p>\n\n\n\n<p>Nastavnici se svake godine mogu javiti na javni poziv Ministarstva znanosti i obrazovanja, a njihove prijave ocjenjuje povjerenstvo pod \u0161iframa. Nagra\u0111uje se petstotinjak u\u010ditelja, nastavnika i odgojitelja koji su te godine imali najve\u0107i broj bodova. Bodovi se dobivaju u vi\u0161e kategorija, npr.: mentorstva u\u010denicima, predavanja, radionice, edukacije, rad u stru\u010dnim vije\u0107ima i udrugama, autorstvo stru\u010dnih \u010dlanaka, izrada nastavnih materijala i obrazovnih sadr\u017eaja, rad u \u0161koli, unaprje\u0111enje obrazovnog sustava, vo\u0111enje projekata i sl.<\/p>\n\n\n\n<figure class=\"wp-block-image size-large is-style-default\"><img decoding=\"async\" width=\"768\" height=\"1024\" data-src=\"https:\/\/www.prva.hr\/wp-content\/uploads\/2023\/10\/1696586272715-003-768x1024.jpg\" alt=\"\" class=\"wp-image-15266 lazyload\" data-srcset=\"https:\/\/prva.hr\/wp-content\/uploads\/2023\/10\/1696586272715-003-768x1024.jpg 768w, https:\/\/prva.hr\/wp-content\/uploads\/2023\/10\/1696586272715-003-225x300.jpg 225w, https:\/\/prva.hr\/wp-content\/uploads\/2023\/10\/1696586272715-003-1152x1536.jpg 1152w, https:\/\/prva.hr\/wp-content\/uploads\/2023\/10\/1696586272715-003-1536x2048.jpg 1536w, https:\/\/prva.hr\/wp-content\/uploads\/2023\/10\/1696586272715-003-scaled.jpg 1920w\" data-sizes=\"(max-width: 768px) 100vw, 768px\" src=\"data:image\/svg+xml;base64,PHN2ZyB3aWR0aD0iMSIgaGVpZ2h0PSIxIiB4bWxucz0iaHR0cDovL3d3dy53My5vcmcvMjAwMC9zdmciPjwvc3ZnPg==\" style=\"--smush-placeholder-width: 768px; --smush-placeholder-aspect-ratio: 768\/1024;\" \/><\/figure>\n\n\n\n<figure class=\"wp-block-image size-large\"><img decoding=\"async\" width=\"1024\" height=\"639\" data-src=\"https:\/\/www.prva.hr\/wp-content\/uploads\/2023\/10\/IMG-20231006-WA0002-002-1024x639.jpg\" alt=\"\" class=\"wp-image-15268 lazyload\" data-srcset=\"https:\/\/prva.hr\/wp-content\/uploads\/2023\/10\/IMG-20231006-WA0002-002-1024x639.jpg 1024w, https:\/\/prva.hr\/wp-content\/uploads\/2023\/10\/IMG-20231006-WA0002-002-300x187.jpg 300w, https:\/\/prva.hr\/wp-content\/uploads\/2023\/10\/IMG-20231006-WA0002-002-768x479.jpg 768w, https:\/\/prva.hr\/wp-content\/uploads\/2023\/10\/IMG-20231006-WA0002-002-400x250.jpg 400w, https:\/\/prva.hr\/wp-content\/uploads\/2023\/10\/IMG-20231006-WA0002-002.jpg 1080w\" data-sizes=\"(max-width: 1024px) 100vw, 1024px\" src=\"data:image\/svg+xml;base64,PHN2ZyB3aWR0aD0iMSIgaGVpZ2h0PSIxIiB4bWxucz0iaHR0cDovL3d3dy53My5vcmcvMjAwMC9zdmciPjwvc3ZnPg==\" style=\"--smush-placeholder-width: 1024px; --smush-placeholder-aspect-ratio: 1024\/639;\" \/><\/figure>\n","protected":false},"excerpt":{"rendered":"<p>Na\u0161a profesorica Gordana Sekuli\u0107-\u0160tiv\u010devi\u0107 obogatila je svoju kolekciju nagrada za najbolje odgojno-obrazovne djelatnike. Na Me\u0111unarodni dan u\u010ditelja na\u0161la se me\u0111u 505 nagra\u0111enih za \u0161k. god. 2022.\/23. Nagrada se dodjeljuje petu godinu za redom, a prof. Sekuli\u0107-\u0160tiv\u010devi\u0107 dobila ju je svih pet puta. \u010cestitamo na 5\/5! Nastavnici se svake godine mogu javiti na javni poziv Ministarstva [&hellip;]<\/p>\n","protected":false},"author":2,"featured_media":15266,"comment_status":"closed","ping_status":"0","sticky":true,"template":"","format":"standard","meta":{"_et_pb_use_builder":"","_et_pb_old_content":"","_et_gb_content_width":"","footnotes":""},"categories":[4,1],"tags":[],"class_list":["post-15265","post","type-post","status-publish","format-standard","has-post-thumbnail","hentry","category-najnovije-vijesti","category-nekategorizirano"],"_links":{"self":[{"href":"https:\/\/prva.hr\/index.php\/wp-json\/wp\/v2\/posts\/15265","targetHints":{"allow":["GET"]}}],"collection":[{"href":"https:\/\/prva.hr\/index.php\/wp-json\/wp\/v2\/posts"}],"about":[{"href":"https:\/\/prva.hr\/index.php\/wp-json\/wp\/v2\/types\/post"}],"author":[{"embeddable":true,"href":"https:\/\/prva.hr\/index.php\/wp-json\/wp\/v2\/users\/2"}],"replies":[{"embeddable":true,"href":"https:\/\/prva.hr\/index.php\/wp-json\/wp\/v2\/comments?post=15265"}],"version-history":[{"count":4,"href":"https:\/\/prva.hr\/index.php\/wp-json\/wp\/v2\/posts\/15265\/revisions"}],"predecessor-version":[{"id":15271,"href":"https:\/\/prva.hr\/index.php\/wp-json\/wp\/v2\/posts\/15265\/revisions\/15271"}],"wp:featuredmedia":[{"embeddable":true,"href":"https:\/\/prva.hr\/index.php\/wp-json\/wp\/v2\/media\/15266"}],"wp:attachment":[{"href":"https:\/\/prva.hr\/index.php\/wp-json\/wp\/v2\/media?parent=15265"}],"wp:term":[{"taxonomy":"category","embeddable":true,"href":"https:\/\/prva.hr\/index.php\/wp-json\/wp\/v2\/categories?post=15265"},{"taxonomy":"post_tag","embeddable":true,"href":"https:\/\/prva.hr\/index.php\/wp-json\/wp\/v2\/tags?post=15265"}],"curies":[{"name":"wp","href":"https:\/\/api.w.org\/{rel}","templated":true}]}}