{"id":15325,"date":"2023-10-12T13:55:00","date_gmt":"2023-10-12T11:55:00","guid":{"rendered":"https:\/\/www.prva.hr\/?p=15325"},"modified":"2023-10-12T13:54:35","modified_gmt":"2023-10-12T11:54:35","slug":"integraledu-info-pult-o-mogucnostima-studiranja-u-inozemstvu","status":"publish","type":"post","link":"https:\/\/prva.hr\/index.php\/2023\/10\/12\/integraledu-info-pult-o-mogucnostima-studiranja-u-inozemstvu\/","title":{"rendered":"IntegralEdu info pult o mogu\u0107nostima studiranja u inozemstvu"},"content":{"rendered":"\n<p>U okviru \u0160kolskog programa profesionalnog informiranja i usmjeravanja u srijedu<strong>\u00a011. 10. 2023.<\/strong> organiziran je\u00a0<strong>IntegralEdu info pult<\/strong> kojim su, za zainteresirane u\u010denike i u\u010denice, predstavljene mogu\u0107nosti studiranja i stipendiranja u zemljama Europe i \u0161ire. Tom prigodom, najavljeno je odr\u017eavanje me\u0111unarodnog sajma\u00a0<strong>World Education Fair<\/strong>\u00a0u hotelu Dubrovnik u <strong>subotu 14.10.2023.<\/strong> na kojem \u0107e zainteresirani u\u010denici biti u prilici razgovarati s\u00a0 predstavnici inozemnih sveu\u010dili\u0161ta.<\/p>\n\n\n\n<figure class=\"wp-block-image size-large is-resized\"><img decoding=\"async\" data-src=\"https:\/\/www.prva.hr\/wp-content\/uploads\/2023\/10\/integral2-896x1024.jpg\" alt=\"\" class=\"wp-image-15329 lazyload\" width=\"379\" height=\"433\" data-srcset=\"https:\/\/prva.hr\/wp-content\/uploads\/2023\/10\/integral2-896x1024.jpg 896w, https:\/\/prva.hr\/wp-content\/uploads\/2023\/10\/integral2-262x300.jpg 262w, https:\/\/prva.hr\/wp-content\/uploads\/2023\/10\/integral2-768x878.jpg 768w, https:\/\/prva.hr\/wp-content\/uploads\/2023\/10\/integral2-1344x1536.jpg 1344w, https:\/\/prva.hr\/wp-content\/uploads\/2023\/10\/integral2-1792x2048.jpg 1792w\" data-sizes=\"(max-width: 379px) 100vw, 379px\" src=\"data:image\/svg+xml;base64,PHN2ZyB3aWR0aD0iMSIgaGVpZ2h0PSIxIiB4bWxucz0iaHR0cDovL3d3dy53My5vcmcvMjAwMC9zdmciPjwvc3ZnPg==\" style=\"--smush-placeholder-width: 379px; --smush-placeholder-aspect-ratio: 379\/433;\" \/><\/figure>\n\n\n\n<figure class=\"wp-block-image size-large is-resized\"><img decoding=\"async\" data-src=\"https:\/\/www.prva.hr\/wp-content\/uploads\/2023\/10\/integral3-752x1024.jpg\" alt=\"\" class=\"wp-image-15330 lazyload\" width=\"380\" height=\"518\" data-srcset=\"https:\/\/prva.hr\/wp-content\/uploads\/2023\/10\/integral3-752x1024.jpg 752w, https:\/\/prva.hr\/wp-content\/uploads\/2023\/10\/integral3-220x300.jpg 220w, https:\/\/prva.hr\/wp-content\/uploads\/2023\/10\/integral3-768x1045.jpg 768w, https:\/\/prva.hr\/wp-content\/uploads\/2023\/10\/integral3-1129x1536.jpg 1129w, https:\/\/prva.hr\/wp-content\/uploads\/2023\/10\/integral3-1505x2048.jpg 1505w, https:\/\/prva.hr\/wp-content\/uploads\/2023\/10\/integral3-scaled.jpg 1881w\" data-sizes=\"(max-width: 380px) 100vw, 380px\" src=\"data:image\/svg+xml;base64,PHN2ZyB3aWR0aD0iMSIgaGVpZ2h0PSIxIiB4bWxucz0iaHR0cDovL3d3dy53My5vcmcvMjAwMC9zdmciPjwvc3ZnPg==\" style=\"--smush-placeholder-width: 380px; --smush-placeholder-aspect-ratio: 380\/518;\" \/><\/figure>\n","protected":false},"excerpt":{"rendered":"<p>U okviru \u0160kolskog programa profesionalnog informiranja i usmjeravanja u srijedu\u00a011. 10. 2023. organiziran je\u00a0IntegralEdu info pult kojim su, za zainteresirane u\u010denike i u\u010denice, predstavljene mogu\u0107nosti studiranja i stipendiranja u zemljama Europe i \u0161ire. Tom prigodom, najavljeno je odr\u017eavanje me\u0111unarodnog sajma\u00a0World Education Fair\u00a0u hotelu Dubrovnik u subotu 14.10.2023. na kojem \u0107e zainteresirani u\u010denici biti u prilici [&hellip;]<\/p>\n","protected":false},"author":6,"featured_media":15332,"comment_status":"closed","ping_status":"0","sticky":false,"template":"","format":"standard","meta":{"_et_pb_use_builder":"","_et_pb_old_content":"","_et_gb_content_width":"","footnotes":""},"categories":[5,51],"tags":[],"class_list":["post-15325","post","type-post","status-publish","format-standard","has-post-thumbnail","hentry","category-aktivnosti","category-profesionalna-orijentacija"],"_links":{"self":[{"href":"https:\/\/prva.hr\/index.php\/wp-json\/wp\/v2\/posts\/15325","targetHints":{"allow":["GET"]}}],"collection":[{"href":"https:\/\/prva.hr\/index.php\/wp-json\/wp\/v2\/posts"}],"about":[{"href":"https:\/\/prva.hr\/index.php\/wp-json\/wp\/v2\/types\/post"}],"author":[{"embeddable":true,"href":"https:\/\/prva.hr\/index.php\/wp-json\/wp\/v2\/users\/6"}],"replies":[{"embeddable":true,"href":"https:\/\/prva.hr\/index.php\/wp-json\/wp\/v2\/comments?post=15325"}],"version-history":[{"count":5,"href":"https:\/\/prva.hr\/index.php\/wp-json\/wp\/v2\/posts\/15325\/revisions"}],"predecessor-version":[{"id":15337,"href":"https:\/\/prva.hr\/index.php\/wp-json\/wp\/v2\/posts\/15325\/revisions\/15337"}],"wp:featuredmedia":[{"embeddable":true,"href":"https:\/\/prva.hr\/index.php\/wp-json\/wp\/v2\/media\/15332"}],"wp:attachment":[{"href":"https:\/\/prva.hr\/index.php\/wp-json\/wp\/v2\/media?parent=15325"}],"wp:term":[{"taxonomy":"category","embeddable":true,"href":"https:\/\/prva.hr\/index.php\/wp-json\/wp\/v2\/categories?post=15325"},{"taxonomy":"post_tag","embeddable":true,"href":"https:\/\/prva.hr\/index.php\/wp-json\/wp\/v2\/tags?post=15325"}],"curies":[{"name":"wp","href":"https:\/\/api.w.org\/{rel}","templated":true}]}}