{"id":15425,"date":"2023-10-15T14:39:55","date_gmt":"2023-10-15T12:39:55","guid":{"rendered":"https:\/\/www.prva.hr\/?p=15425"},"modified":"2023-10-15T14:39:59","modified_gmt":"2023-10-15T12:39:59","slug":"zkm-eugen-ionesco-celava-pjevacica","status":"publish","type":"post","link":"https:\/\/prva.hr\/index.php\/2023\/10\/15\/zkm-eugen-ionesco-celava-pjevacica\/","title":{"rendered":"ZKM \u2013 Eugen Ionesco, \u0106elava pjeva\u010dica"},"content":{"rendered":"\n<p>U sklopu nastave Hrvatskog jezika, ali i izvannastavne grupe <em>Klu\u010d za knji\u017eevno djelo, <\/em>pogledali smo<em>\u00a0 <\/em>ZKM-ovu predstavu \u0106elava pjeva\u010dica u sklopu Projekta Inkubator i u re\u017eiji njihove glumice i redateljice Suzane Nikoli\u0107. To Ionescovo poslijeratno djelo nastalo kao projekt antiteatra i antikomada s ciljem razaranja svega \u0161to je do tada predstavljalo tradicionalno kazali\u0161te \u2013 kao \u0161to su karakteri i dramski sukobi, nema ni u ovoj izvedbi ZKM-a. Izgubljenost, dezorjentiranost i prividnost gra\u0111anskog dru\u0161tva i njihovih praznih, namje\u0161tenih maski ne nedostaje ni u dana\u0161njem malogra\u0111anskom dru\u0161tvu. Promjene se uo\u010davaju tek u slikanju selfija i satu koji je sada digitalan, a ne vi\u0161e analogan. Ostaje osje\u0107aj\u00a0 praznine i besmisla jer se s karakterima ni odnosima ne mo\u017eemo povezati, kao ni uspostaviti ikakvu uzro\u010dno-posljedi\u010dnu vezu. Ionesco i ZKM jo\u0161 su nam jednom pokazali me\u0111usobnu neraskidivost vremena i prostora u kojem godinamam supostojimo.<\/p>\n\n\n\n<p><em>Prof. Helena Begi\u0107<\/em><\/p>\n\n\n\n<figure class=\"wp-block-image alignright size-large is-resized\"><img decoding=\"async\" data-src=\"https:\/\/www.prva.hr\/wp-content\/uploads\/2023\/10\/zkm-celava-pjevacica-711x1024.jpg\" alt=\"\" class=\"wp-image-15426 lazyload\" width=\"430\" height=\"620\" data-srcset=\"https:\/\/prva.hr\/wp-content\/uploads\/2023\/10\/zkm-celava-pjevacica-711x1024.jpg 711w, https:\/\/prva.hr\/wp-content\/uploads\/2023\/10\/zkm-celava-pjevacica-208x300.jpg 208w, https:\/\/prva.hr\/wp-content\/uploads\/2023\/10\/zkm-celava-pjevacica-768x1107.jpg 768w, https:\/\/prva.hr\/wp-content\/uploads\/2023\/10\/zkm-celava-pjevacica-1066x1536.jpg 1066w, https:\/\/prva.hr\/wp-content\/uploads\/2023\/10\/zkm-celava-pjevacica.jpg 1200w\" data-sizes=\"(max-width: 430px) 100vw, 430px\" src=\"data:image\/svg+xml;base64,PHN2ZyB3aWR0aD0iMSIgaGVpZ2h0PSIxIiB4bWxucz0iaHR0cDovL3d3dy53My5vcmcvMjAwMC9zdmciPjwvc3ZnPg==\" style=\"--smush-placeholder-width: 430px; --smush-placeholder-aspect-ratio: 430\/620;\" \/><\/figure>\n\n\n\n<p>Predstava \u0106elava pjeva\u010dica koju smo gledali u nedjelju 8. listopada u Zagreba\u010dkom kazali\u0161tu mladih nastala je prema istoimenoj drami Eugena Ionescoa, francuskog dramati\u010dara rumunjskog podrijetla kojeg se smatra jednim od glavnih predstavnika teatra apsurda. \u0106elava pjeva\u010dica ujedno je i njegova prva drama, odnosno antidrama, koju je napisao 1948. g., a koja je praizvedena dvije godine poslije. Klasi\u010dnom poimanju kazali\u0161ta suprotstavio je svoj antiteatar, odbacuju\u0107i svaku akciju, uzro\u010dnu povezanost te tradicionalne podjele i sheme. Izbrisao je granicu izme\u0111u realnog i fantasti\u010dnog, izme\u0111u komi\u010dnog i tragi\u010dnog. Tragi\u010dno postaje smije\u0161no, a smije\u0161no se prelijeva u tragediju pa u grotesku. Ionescovi se likovi izra\u017eavaju kli\u0161eiziranim re\u010denicama koje zavr\u0161avaju potpunim besmislom. On opisuje samo\u0107u i tjeskobu ljudi te bezna\u010dajnost egzistencije pojedinca. Koncept i sadr\u017eaj ove antidrame svidjeli su mi se i prije predstave jer sam se s djelom upoznao ranije na satu Hrvatskoga jezika, ali sam je u kazali\u0161tu do\u017eivio na posve novoj razini. Pohvalio bih glumce koji su se pojedina\u010dno istaknuli svojom briljatnom glumom te svojom sposobno\u0161\u0107u da do\u010daraju razne osje\u0107aje i stanja likova. Uvjerljivo su portretirali apsurdnost kojom je djelo pro\u017eeto te do\u010darali svijet besmisla koji se po mnogo\u010demu mo\u017ee usporediti s na\u0161im svijetom. Osim toga, svi\u0111a mi se \u0161to u predstavi nema odstupanja od originalnoga teksta koji je istovremeno komi\u010dan i tragi\u010dan. Meni je osobno predstava urnebesna zbog \u010dudnih dijaloga i zagonetnih rasprava, ali ju se mo\u017ee shvatiti i kao tragi\u010dnu ironiju dana\u0161njeg svijeta. Primjerice, koliko god da je na prvu smije\u0161no da se mu\u017e i \u017eena ne poznaju, iz toga se mogu povu\u0107i odre\u0111ene paralele s dana\u0161njicom u kojoj bliski odnosi znaju biti hladni i bezosje\u0107ajni. Za kraj bih naglasio da je ovo sigurno jedna od najboljih predstava koje sam pogledao u \u017eivotu te da bih je svakako preporu\u010dio svim ljubiteljima teatra apsurda kao i ostalim ljubiteljima knji\u017eevnosti i kazali\u0161ne umjetnosti.<\/p>\n\n\n\n<p><strong>Marko Bari\u0161i\u0107, 4.d<\/strong><\/p>\n\n\n\n<p>\u201eIako je djelo napisano 1950-ih godina, i danas se lako mo\u017eemo s njime poistovjetiti, uzev\u0161i u obzir povr\u0161nost dru\u0161tva, ispraznost komunikacija i banalnost svakodnevice. \u0106elava pjeva\u010dica posebno se nametnula svojom bezvremenskom i apsurdnom radnjom.\u201c<\/p>\n\n\n\n<p>Nika Novoselec, 4.c<\/p>\n\n\n\n<p>\u201cGlumci su vje\u0161to ostvarili literarne likove i prenijeli osje\u0107aj frustracije i besmisla koji dominiraju cijelom predstavom. Kao&nbsp; pozitivnu promjena u odnosu na tekst istaknuo bih promjenu u&nbsp; re\u017eiji koja je kori\u0161tenjem videozapisa i scenskog dizajna pridonijela inovativnom pristupu klasi\u010dnom djelu.\u201c<\/p>\n\n\n\n<p>Ivica Patrun, 4.c<\/p>\n","protected":false},"excerpt":{"rendered":"<p>U sklopu nastave Hrvatskog jezika, ali i izvannastavne grupe Klu\u010d za knji\u017eevno djelo, pogledali smo\u00a0 ZKM-ovu predstavu \u0106elava pjeva\u010dica u sklopu Projekta Inkubator i u re\u017eiji njihove glumice i redateljice Suzane Nikoli\u0107. To Ionescovo poslijeratno djelo nastalo kao projekt antiteatra i antikomada s ciljem razaranja svega \u0161to je do tada predstavljalo tradicionalno kazali\u0161te \u2013 kao [&hellip;]<\/p>\n","protected":false},"author":10,"featured_media":0,"comment_status":"closed","ping_status":"0","sticky":false,"template":"","format":"standard","meta":{"_et_pb_use_builder":"","_et_pb_old_content":"","_et_gb_content_width":"","footnotes":""},"categories":[85],"tags":[],"class_list":["post-15425","post","type-post","status-publish","format-standard","hentry","category-blog"],"_links":{"self":[{"href":"https:\/\/prva.hr\/index.php\/wp-json\/wp\/v2\/posts\/15425","targetHints":{"allow":["GET"]}}],"collection":[{"href":"https:\/\/prva.hr\/index.php\/wp-json\/wp\/v2\/posts"}],"about":[{"href":"https:\/\/prva.hr\/index.php\/wp-json\/wp\/v2\/types\/post"}],"author":[{"embeddable":true,"href":"https:\/\/prva.hr\/index.php\/wp-json\/wp\/v2\/users\/10"}],"replies":[{"embeddable":true,"href":"https:\/\/prva.hr\/index.php\/wp-json\/wp\/v2\/comments?post=15425"}],"version-history":[{"count":1,"href":"https:\/\/prva.hr\/index.php\/wp-json\/wp\/v2\/posts\/15425\/revisions"}],"predecessor-version":[{"id":15427,"href":"https:\/\/prva.hr\/index.php\/wp-json\/wp\/v2\/posts\/15425\/revisions\/15427"}],"wp:attachment":[{"href":"https:\/\/prva.hr\/index.php\/wp-json\/wp\/v2\/media?parent=15425"}],"wp:term":[{"taxonomy":"category","embeddable":true,"href":"https:\/\/prva.hr\/index.php\/wp-json\/wp\/v2\/categories?post=15425"},{"taxonomy":"post_tag","embeddable":true,"href":"https:\/\/prva.hr\/index.php\/wp-json\/wp\/v2\/tags?post=15425"}],"curies":[{"name":"wp","href":"https:\/\/api.w.org\/{rel}","templated":true}]}}