{"id":15487,"date":"2023-10-19T08:57:23","date_gmt":"2023-10-19T06:57:23","guid":{"rendered":"https:\/\/www.prva.hr\/?p=15487"},"modified":"2023-10-19T08:57:27","modified_gmt":"2023-10-19T06:57:27","slug":"edufest-festival-studiranja-i-studenskog-zivota","status":"publish","type":"post","link":"https:\/\/prva.hr\/index.php\/2023\/10\/19\/edufest-festival-studiranja-i-studenskog-zivota\/","title":{"rendered":"EDUFEST &#8211; Festival studiranja i studenskog \u017eivota"},"content":{"rendered":"\n<p>U petak <strong>20.10.2023<\/strong>., u organizaciji Instituta za razvoj obrazovanja, odr\u017eava se <strong>EDUFEST &#8211; Festival studiranja i studenskog \u017eivota<\/strong> u Studenskom centru od 11- 18 sati. EDUFEST predstavlja najve\u0107e obrazovno doga\u0111anje u regiji.  Doga\u0111aj mo\u017ee biti zanimljiv maturantima\/icama i u\u010denicima\/icama ostalih razreda zainteresiranim za studiranje i mogu\u0107nosti stipendiranja studija u Hrvatskoj  i inozemstvu.<\/p>\n","protected":false},"excerpt":{"rendered":"<p>U petak 20.10.2023., u organizaciji Instituta za razvoj obrazovanja, odr\u017eava se EDUFEST &#8211; Festival studiranja i studenskog \u017eivota u Studenskom centru od 11- 18 sati. EDUFEST predstavlja najve\u0107e obrazovno doga\u0111anje u regiji. Doga\u0111aj mo\u017ee biti zanimljiv maturantima\/icama i u\u010denicima\/icama ostalih razreda zainteresiranim za studiranje i mogu\u0107nosti stipendiranja studija u Hrvatskoj i inozemstvu.<\/p>\n","protected":false},"author":6,"featured_media":15489,"comment_status":"closed","ping_status":"0","sticky":false,"template":"","format":"standard","meta":{"_et_pb_use_builder":"","_et_pb_old_content":"","_et_gb_content_width":"","footnotes":""},"categories":[51],"tags":[],"class_list":["post-15487","post","type-post","status-publish","format-standard","has-post-thumbnail","hentry","category-profesionalna-orijentacija"],"_links":{"self":[{"href":"https:\/\/prva.hr\/index.php\/wp-json\/wp\/v2\/posts\/15487","targetHints":{"allow":["GET"]}}],"collection":[{"href":"https:\/\/prva.hr\/index.php\/wp-json\/wp\/v2\/posts"}],"about":[{"href":"https:\/\/prva.hr\/index.php\/wp-json\/wp\/v2\/types\/post"}],"author":[{"embeddable":true,"href":"https:\/\/prva.hr\/index.php\/wp-json\/wp\/v2\/users\/6"}],"replies":[{"embeddable":true,"href":"https:\/\/prva.hr\/index.php\/wp-json\/wp\/v2\/comments?post=15487"}],"version-history":[{"count":3,"href":"https:\/\/prva.hr\/index.php\/wp-json\/wp\/v2\/posts\/15487\/revisions"}],"predecessor-version":[{"id":15491,"href":"https:\/\/prva.hr\/index.php\/wp-json\/wp\/v2\/posts\/15487\/revisions\/15491"}],"wp:featuredmedia":[{"embeddable":true,"href":"https:\/\/prva.hr\/index.php\/wp-json\/wp\/v2\/media\/15489"}],"wp:attachment":[{"href":"https:\/\/prva.hr\/index.php\/wp-json\/wp\/v2\/media?parent=15487"}],"wp:term":[{"taxonomy":"category","embeddable":true,"href":"https:\/\/prva.hr\/index.php\/wp-json\/wp\/v2\/categories?post=15487"},{"taxonomy":"post_tag","embeddable":true,"href":"https:\/\/prva.hr\/index.php\/wp-json\/wp\/v2\/tags?post=15487"}],"curies":[{"name":"wp","href":"https:\/\/api.w.org\/{rel}","templated":true}]}}