{"id":15586,"date":"2023-11-03T14:06:19","date_gmt":"2023-11-03T13:06:19","guid":{"rendered":"https:\/\/www.prva.hr\/?p=15586"},"modified":"2023-11-03T14:06:20","modified_gmt":"2023-11-03T13:06:20","slug":"posjetite-28-smotru-sveucilista-2023","status":"publish","type":"post","link":"https:\/\/prva.hr\/index.php\/2023\/11\/03\/posjetite-28-smotru-sveucilista-2023\/","title":{"rendered":"Posjetite 28. Smotru Sveu\u010dili\u0161ta 2023."},"content":{"rendered":"\n<p>U okviru \u0160kolskog programa profesionalnog informiranja i usmjeravanja, obavijest za maturante i maturantice te zainteresirane u\u010denike i u\u010denice ostalih razreda o odr\u017eavanju\u00a0<strong>28. Smotre Sveu\u010dili\u0161ta u Zagrebu.<\/strong><\/p>\n\n\n\n<p>Smotra Sveu\u010dili\u0161ta odr\u017eava se od\u00a0<strong>9. do 11. studenoga 2023. na Zagreba\u010dkom velesajmu.<\/strong><\/p>\n\n\n\n<p>Na Smotri \u0107e se predstaviti 31 fakultet i 3 umjetni\u010dke akademije Sveu\u010dili\u0161ta u Zagrebu.<\/p>\n\n\n\n<p>Vi\u0161e o programu Smotre na poveznici: <a href=\"https:\/\/smotra.unizg.hr\/program\/\">https:\/\/smotra.unizg.hr\/program\/<\/a><\/p>\n\n\n\n<p><\/p>\n","protected":false},"excerpt":{"rendered":"<p>U okviru \u0160kolskog programa profesionalnog informiranja i usmjeravanja, obavijest za maturante i maturantice te zainteresirane u\u010denike i u\u010denice ostalih razreda o odr\u017eavanju\u00a028. Smotre Sveu\u010dili\u0161ta u Zagrebu. Smotra Sveu\u010dili\u0161ta odr\u017eava se od\u00a09. do 11. studenoga 2023. na Zagreba\u010dkom velesajmu. Na Smotri \u0107e se predstaviti 31 fakultet i 3 umjetni\u010dke akademije Sveu\u010dili\u0161ta u Zagrebu. Vi\u0161e o programu [&hellip;]<\/p>\n","protected":false},"author":6,"featured_media":15589,"comment_status":"closed","ping_status":"0","sticky":false,"template":"","format":"standard","meta":{"_et_pb_use_builder":"","_et_pb_old_content":"","_et_gb_content_width":"","footnotes":""},"categories":[6,51],"tags":[],"class_list":["post-15586","post","type-post","status-publish","format-standard","has-post-thumbnail","hentry","category-aktualna-dogadanja","category-profesionalna-orijentacija"],"_links":{"self":[{"href":"https:\/\/prva.hr\/index.php\/wp-json\/wp\/v2\/posts\/15586","targetHints":{"allow":["GET"]}}],"collection":[{"href":"https:\/\/prva.hr\/index.php\/wp-json\/wp\/v2\/posts"}],"about":[{"href":"https:\/\/prva.hr\/index.php\/wp-json\/wp\/v2\/types\/post"}],"author":[{"embeddable":true,"href":"https:\/\/prva.hr\/index.php\/wp-json\/wp\/v2\/users\/6"}],"replies":[{"embeddable":true,"href":"https:\/\/prva.hr\/index.php\/wp-json\/wp\/v2\/comments?post=15586"}],"version-history":[{"count":2,"href":"https:\/\/prva.hr\/index.php\/wp-json\/wp\/v2\/posts\/15586\/revisions"}],"predecessor-version":[{"id":15588,"href":"https:\/\/prva.hr\/index.php\/wp-json\/wp\/v2\/posts\/15586\/revisions\/15588"}],"wp:featuredmedia":[{"embeddable":true,"href":"https:\/\/prva.hr\/index.php\/wp-json\/wp\/v2\/media\/15589"}],"wp:attachment":[{"href":"https:\/\/prva.hr\/index.php\/wp-json\/wp\/v2\/media?parent=15586"}],"wp:term":[{"taxonomy":"category","embeddable":true,"href":"https:\/\/prva.hr\/index.php\/wp-json\/wp\/v2\/categories?post=15586"},{"taxonomy":"post_tag","embeddable":true,"href":"https:\/\/prva.hr\/index.php\/wp-json\/wp\/v2\/tags?post=15586"}],"curies":[{"name":"wp","href":"https:\/\/api.w.org\/{rel}","templated":true}]}}