{"id":15596,"date":"2023-11-05T13:39:07","date_gmt":"2023-11-05T12:39:07","guid":{"rendered":"https:\/\/www.prva.hr\/?p=15596"},"modified":"2023-11-05T13:39:23","modified_gmt":"2023-11-05T12:39:23","slug":"nevidljivi-ljudi","status":"publish","type":"post","link":"https:\/\/prva.hr\/index.php\/2023\/11\/05\/nevidljivi-ljudi\/","title":{"rendered":"Nevidljivi ljudi"},"content":{"rendered":"\n<p class=\"has-text-align-left\"><strong>Motiv izolacije i otu\u0111enosti : od Kafke do Slavenke Drakuli\u0107<\/strong><\/p>\n\n\n\n<p><strong>Autorica: <\/strong><strong>Klara Nol, 4.c<\/strong><\/p>\n\n\n\n<p>Djela Preobrazba, autora F. Kafke i Nevidljiva \u017eena, autorice S. Drakuli\u0107, bave se temom izolacije. Tema otu\u0111enosti i izolacije pojedinca u suvremenome dru\u0161tvu izrazito je aktualna i u dana\u0161nje vrijeme, naj\u010de\u0161\u0107e kao rezultat promjene u fizi\u010dkom izgledu. Izolacija Gregora Samse i nevidljive \u017eene po\u010dinje upravo onda kada se oni fizi\u010dki promjene.<\/p>\n\n\n\n<p>Kod oba lika, Gregora Samse i nevidljive \u017eene, fizi\u010dka je promjena uzrokovala njihovu izolaciju u dru\u0161tvu. Lik nevidljive \u017eene osje\u0107a se kao da nestaje, a to primje\u0107uje kada se pogleda u ogledalu&nbsp; &#8211; <em>umorno, klonulo tijelo, vi\u0161ak kilograma, ovje\u0161ena ko\u017ea<\/em>. Kasnije osje\u0107a da je drugi ignoriraju&nbsp; &#8211; <em>Dogodilo mi se da me voza\u010d ne vidi, da ne uspori. To me iskustvo upla\u0161ilo<\/em>. Ideja da starije osobe vi\u0161e nemaju nikakvu korist, kod nevidljive \u017eene utje\u010de na to da se ona odlu\u010di samoizolirati jer misli da je beskorisna, budu\u0107i da vi\u0161e nema dru\u0161tvenu ulogu. Sama ideja da je obavezno biti dru\u0161tveno koristan kako bi bili ispunjeni, po mojem je mi\u0161ljenju pogre\u0161na jer se osoba, iako se fizi\u010dki promijenila i do\u0161la u razdoblje \u017eivota gdje ipak nije u stanju obavljati sve du\u017enosti koje se od nje o\u010dekuju, ona se nije promijenila iznutra, odnosno psihi\u010dki . <em>Svjesna sam promjene, ali ipak sam i dalje vidljiva i stvarna, \u017eiva osoba, iako sam ostarjela<\/em>.<\/p>\n\n\n\n<p>U djelu Preobrazba, prisutna je svojevrsno ga\u0111enja tijelom. Gregor Samsa prikazan je kao malen, krhak te fizi\u010dki nedostatan za ono \u0161to otac od njega o\u010dekuje. Otac je prikazan kao osoba koja probleme rje\u0161ava na silu, <em>stisnutih \u0161aka<\/em> \u00a0te koja je u sukobu s Gregorom jer ne podr\u017eava njega kao odraslu osobu koja ima svoj stav i karakter, \u0161to je vidljivo u njegovim izljevima bijesa prema preobra\u017eenom sinu. Takav odnos \u010dlanova obitelji uzrokuje cijeli niz problema za daljnji razvoj osobe koja se, uvjerena da nakon fizi\u010dke promjene vi\u0161e nema nikakvu ulogu, odlu\u010di samoizolirati. <\/p>\n\n\n\n<figure class=\"wp-block-image alignright size-full is-resized\"><img decoding=\"async\" data-src=\"https:\/\/www.prva.hr\/wp-content\/uploads\/2023\/11\/drakulic-1.jpg\" alt=\"\" class=\"wp-image-15597 lazyload\" width=\"444\" height=\"444\" data-srcset=\"https:\/\/prva.hr\/wp-content\/uploads\/2023\/11\/drakulic-1.jpg 425w, https:\/\/prva.hr\/wp-content\/uploads\/2023\/11\/drakulic-1-300x300.jpg 300w, https:\/\/prva.hr\/wp-content\/uploads\/2023\/11\/drakulic-1-150x150.jpg 150w\" data-sizes=\"(max-width: 444px) 100vw, 444px\" src=\"data:image\/svg+xml;base64,PHN2ZyB3aWR0aD0iMSIgaGVpZ2h0PSIxIiB4bWxucz0iaHR0cDovL3d3dy53My5vcmcvMjAwMC9zdmciPjwvc3ZnPg==\" style=\"--smush-placeholder-width: 444px; --smush-placeholder-aspect-ratio: 444\/444;\" \/><\/figure>\n\n\n\n<p>U oba djela, Preobrazbi i Nevidljivoj \u017eeni, odbacivanje, ignoriranje i nepo\u0161tivanje glavnih likova utje\u010de na njihovo samopouzdanje, tako \u0161to po\u010dinju stvarati negativnu sliku o sebi, onakvu kakvu ih drugi vide te ne osje\u0107aju sigurnost u prisustvu drugih jer se boje njihovih osuda. Lik nevidljive \u017eene postaje svjestan osude dru\u0161tva kojem smetaju njezin izgled i starost te, budu\u0107i da je ve\u0107 umorna od takvog stava koje dru\u0161tvo ima, odlu\u010di se povu\u0107i. <em>Ve\u0107 dulje vrijeme umjesto izlaska s prijateljicama u kavanu ili na koncert, ponekad u kazali\u0161te, nave\u010der gledam televiziju. Nije bilo nikoga da me barem primi za ruku, iako znam da utjehe nema<\/em>. Izolacija Gregora Samse u po\u010detku je fizi\u010dka &#8211; <em>Ali Gregor nije ni pomi\u0161ljao da joj otvori, ve\u0107 je u mislima hvalio oprez \u0161to ga je stekao na putovanjima, te je i kod ku\u0107e uve\u010der zaklju\u010davao sva vrata<\/em>, a kasnije ga obitelj i psiholo\u0161ki izolira. Tom psiholo\u0161kom izolacijom uvjere ga da on zaslu\u017euje biti izoliran i izba\u010den te da je bezvrijedan. Tada odlu\u010di umrijeti od tuge i razo\u010daranja <em>Njegovo mi\u0161ljenje o tome kako mora nestati, bija\u0161e, ako se mo\u017eemo tako izraziti, jo\u0161 odlu\u010dnije od sestrina mi\u0161ljenja. Onda mu glava, i protiv njegove volje sasvim klone, a iz nozdrva mu se oteo posljednji slabi da\u0161ak \u017eivota<\/em>.<\/p>\n\n\n\n<p>&nbsp;Mo\u017ee se zaklju\u010diti da je na odluku Gregora Samse i nevidljive \u017eene, na to da se samoizoliraju, utjecala osuda njihove obitelji i dru\u0161tva nakon njihove fizi\u010dke promjene. Njihova okolina stvara krivu predod\u017ebu o njima kao osobama jer ne shva\u0107aju da se oni nisu psihi\u010dki promijenili. Smatraju da su kao takvi bezvrijedni i da su samo smetnja koje se treba rije\u0161iti. Zbog tih razloga, Gregor Samsa i nevidljiva \u017eena postaju otu\u0111eni i odlu\u010duju se izolirati.<\/p>\n\n\n\n<p><strong>Kronika nestajanja<\/strong><\/p>\n\n\n\n<p><strong>Autor: Petar Karlovi\u0107, 4.d<\/strong><\/p>\n\n\n\n<p>Franz Kafka &nbsp;austrijski je pisac romana i pripovijetki od kojih su najpoznatiji Proces i Preobrazba. U svojem djelu Preobrazba opisuje apsurdan prizor u kojem se glavni lik Gregor Samsa pretvara u kukca. Slavenka Drakuli\u0107 hrvatska je autorica, a pi\u0161e romane i kratke pri\u010de. Njena poetika fokusira se na feminizam i \u017eivot stanovnika slavenskih naroda u razdoblju socijalizma te vrijeme nakon povla\u010denja socijalisti\u010dkih ideja. Nevidljiva \u017eena kratka je pri\u010da koja opisuje iskustva starije \u017eene koja se osje\u0107a nevidljivo u dru\u0161tvu. Ova dva djela imaju sli\u010dnu tematiku, ali razli\u010diti stil. Oba djela opisuju vrstu izolacije i izdvajanja iz dru\u0161tva. Glavni likovi oba djela imaju unaka\u017eenu percepciju sebe, svog tijela i svog identiteta.<\/p>\n\n\n\n<p>Preobrazba \u010dovjekove percepcije glavna je tema koja povezuje ova dva glavna lika. Gregor je na po\u010detku pripovijetke va\u017ena figura svoje obitelji, ali se odjednom, bez pravog obja\u0161njenja pretvara u kukca. Kafka je kukcem htio prikazati naru\u0161eno mentalno stanje glavnoga lika, materijalizirao je gubitak identiteta i Gregorovu percepciju samoga sebe. Tako i Drakuli\u0107 po\u010detak psiholo\u0161kog raspadanja opisuje prikazom nepoznate, izborane \u017eene u ogledalu. Glavni lik ne prepoznaje svoj odraz u ogledalu. Time znamo da u svojem umu niti Gregor niti nevidljiva \u017eena nemaju stvarnu, realnu sliku samih sebe, ve\u0107 ih odre\u0111uje ne\u0161to drugo.\u00a0\u00a0\u00a0\u00a0\u00a0<\/p>\n\n\n\n<figure class=\"wp-block-image alignleft size-full\"><img decoding=\"async\" width=\"500\" height=\"518\" data-src=\"https:\/\/www.prva.hr\/wp-content\/uploads\/2023\/11\/drakulic-2.jpg\" alt=\"\" class=\"wp-image-15598 lazyload\" data-srcset=\"https:\/\/prva.hr\/wp-content\/uploads\/2023\/11\/drakulic-2.jpg 500w, https:\/\/prva.hr\/wp-content\/uploads\/2023\/11\/drakulic-2-290x300.jpg 290w\" data-sizes=\"(max-width: 500px) 100vw, 500px\" src=\"data:image\/svg+xml;base64,PHN2ZyB3aWR0aD0iMSIgaGVpZ2h0PSIxIiB4bWxucz0iaHR0cDovL3d3dy53My5vcmcvMjAwMC9zdmciPjwvc3ZnPg==\" style=\"--smush-placeholder-width: 500px; --smush-placeholder-aspect-ratio: 500\/518;\" \/><\/figure>\n\n\n\n<p>Do\u017eivljaj drugih ljudi prili\u010dno je va\u017ean i Gregoru i nevidljivoj \u017eeni. Gregor smatra da mora biti koristan svojoj obitelji, prvo na \u0161to pomisli nakon svoje preobrazbe u kukca je to kako \u0107e zaraditi novac za svoju obitelj, odnosno kako \u0107e se ustati iz kreveta i oti\u0107i na posao: <em>A \u0161to da sada radi? Idu\u0107i vlak polazi u sedam sati; da bi stigao na taj vlak, morao bi silno po\u017euriti\u2026 Pa \u010dak kad bi i stigao na vlak, \u0161efova se bu\u010dna grdnja nije dala izbje\u0107i, jer poslu\u017eitelj je \u010dekao kod onog vlaka od pet sati te je ve\u0107 odavna podnio izvje\u0161taj o njegovu zaka\u0161njenju.<\/em> Njegova preobrazba nije samo odraz njegovog psihi\u010dkog stanja, ve\u0107 i do\u017eivljaja ljudi koji su svojim pona\u0161anjem i mi\u0161ljenjem oblikovali Gregorov identitet. Preobrazbom Gregor gubi svoju svrhu u obitelji, u dru\u0161tvu i postaje nevidljiv. Takva preobrazba se zrcalno doga\u0111a i nevidljivoj \u017eeni. Ona svojim starenjem gubi svrhu: <em>Da, naravno da postojim, ali \u0161to to zna\u010di kad od drugih ljudi ne dobivam potvrdu svojeg postojanja?.<\/em><\/p>\n\n\n\n<p>&nbsp;Identitet jedne osobe va\u017ena je komponenta za psihi\u010dko i fizi\u010dko zdravlje i razvoj jedne osobe te za njeno funkcioniranje u dru\u0161tvu. Gregor svoj identitet nikada potpuno ne ostvaruje, nema posebne interese niti prijatelje. Radi kao nekakav robot, ignorira svoje potrebe za socijalizacijom i igrom. Tako da je njegovo raspadanje direktna posljedica slabo razvijenog identiteta. Nevidljiva \u017eena svoj identitet ostvaruje tijekom cijeloga \u017eivota i u svojoj starosti ga gubi. To mo\u017eemo primijetiti u tome \u0161to je ona prije imala razne interese, koje su i stranci na poseban na\u010din podr\u017eavali, pogotovo kupovina odje\u0107e i obu\u0107e. Ona je prije u tome jako u\u017eivala, ali joj starenjem to postaje sve neugodnije i te\u017ee. Vi\u0161e joj nije va\u017eno kako se obla\u010di i kako izgleda: <em>Sve je postalo preusko i prekratko, nekako neprikladno. Vi\u0161e nisam imala snage ni\u0161ta isprobavati. To mi je postalo dosadno, besmisleno<\/em>. Ona gubi i svoje bliske odnose, mu\u017e joj umire, ne izlazi van s prijateljima i ostaje sama doma gledaju\u0107i televiziju. Gregor i nevidljiva \u017eena zavr\u0161avaju u istoj poziciji, ali je nevidljiva \u017eena pro\u0161la kroz proces regresije u kojem je izgubila sve \u0161to je stvorila ili imala, pa tako i svoj identitet.<\/p>\n\n\n\n<p>&nbsp;Knji\u017eevna djela Preobrazba i Nevidljiva \u017eena daju nam uvid u proces koji nevidljiva \u017eena naziva kronikom nestajanja. Likovi koji se pretvaraju u nekakav oblik \u017eive prepreke ili tereta. Osje\u0107aju se kao nametnici dru\u0161tvu, a pritom im se razvijaju razne vrste mentalnih problema i izoliraju se od drugih. Mislim da nam \u010ditanje o iskustvima ovakvih ljudi mo\u017ee pomo\u0107i da u na\u0161oj svakodnevici budemo svjesni osoba oko nas i da se prisjetimo da je svatko jednako vrijedan \u010dovjek sa svojim identitetom i svojim \u017eivotom. Omogu\u0107uje nam da pogledamo malo dublje u \u017eivote drugih i da na druge ne gledamo kao nekakve sporedne likove u na\u0161oj pri\u010di.<\/p>\n","protected":false},"excerpt":{"rendered":"<p>Motiv izolacije i otu\u0111enosti : od Kafke do Slavenke Drakuli\u0107 Autorica: Klara Nol, 4.c Djela Preobrazba, autora F. Kafke i Nevidljiva \u017eena, autorice S. Drakuli\u0107, bave se temom izolacije. Tema otu\u0111enosti i izolacije pojedinca u suvremenome dru\u0161tvu izrazito je aktualna i u dana\u0161nje vrijeme, naj\u010de\u0161\u0107e kao rezultat promjene u fizi\u010dkom izgledu. Izolacija Gregora Samse i [&hellip;]<\/p>\n","protected":false},"author":10,"featured_media":0,"comment_status":"closed","ping_status":"0","sticky":false,"template":"","format":"standard","meta":{"_et_pb_use_builder":"","_et_pb_old_content":"","_et_gb_content_width":"","footnotes":""},"categories":[85],"tags":[],"class_list":["post-15596","post","type-post","status-publish","format-standard","hentry","category-blog"],"_links":{"self":[{"href":"https:\/\/prva.hr\/index.php\/wp-json\/wp\/v2\/posts\/15596","targetHints":{"allow":["GET"]}}],"collection":[{"href":"https:\/\/prva.hr\/index.php\/wp-json\/wp\/v2\/posts"}],"about":[{"href":"https:\/\/prva.hr\/index.php\/wp-json\/wp\/v2\/types\/post"}],"author":[{"embeddable":true,"href":"https:\/\/prva.hr\/index.php\/wp-json\/wp\/v2\/users\/10"}],"replies":[{"embeddable":true,"href":"https:\/\/prva.hr\/index.php\/wp-json\/wp\/v2\/comments?post=15596"}],"version-history":[{"count":1,"href":"https:\/\/prva.hr\/index.php\/wp-json\/wp\/v2\/posts\/15596\/revisions"}],"predecessor-version":[{"id":15599,"href":"https:\/\/prva.hr\/index.php\/wp-json\/wp\/v2\/posts\/15596\/revisions\/15599"}],"wp:attachment":[{"href":"https:\/\/prva.hr\/index.php\/wp-json\/wp\/v2\/media?parent=15596"}],"wp:term":[{"taxonomy":"category","embeddable":true,"href":"https:\/\/prva.hr\/index.php\/wp-json\/wp\/v2\/categories?post=15596"},{"taxonomy":"post_tag","embeddable":true,"href":"https:\/\/prva.hr\/index.php\/wp-json\/wp\/v2\/tags?post=15596"}],"curies":[{"name":"wp","href":"https:\/\/api.w.org\/{rel}","templated":true}]}}