{"id":15694,"date":"2023-11-17T09:27:07","date_gmt":"2023-11-17T08:27:07","guid":{"rendered":"https:\/\/www.prva.hr\/?p=15694"},"modified":"2023-11-17T09:27:11","modified_gmt":"2023-11-17T08:27:11","slug":"obiljezavanje-dana-srednjoskolaca-17-11","status":"publish","type":"post","link":"https:\/\/prva.hr\/index.php\/2023\/11\/17\/obiljezavanje-dana-srednjoskolaca-17-11\/","title":{"rendered":"Obilje\u017eavanje Dana srednjo\u0161kolaca (17.11.)"},"content":{"rendered":"\n<p>U znak sje\u0107anja na pra\u0161ke studente i srednjo\u0161kolce koji su se borili za svoja prava, 16. 11. smo obilje\u017eili Me\u0111unarodni dan srednjo\u0161kolaca (17. 11.) s ciljem isticanja kako su oni bili pokreta\u010dka snaga koja mo\u017ee pridonijeti promjenama te kako bi bili primjer budu\u0107im generacijama. Povodom toga, nastavnici \u0161kole pripremili su i po\u010dastili u\u010denike doru\u010dkom te poslali poruku u\u010denicima da cijene ono \u0161to imaju te da i dalje u\u017eivaju u svom \u0161kolovanju u I. gimnaziji.<\/p>\n\n\n\n<p><\/p>\n\n\n\n<figure class=\"wp-block-gallery has-nested-images columns-default is-cropped wp-block-gallery-1 is-layout-flex wp-block-gallery-is-layout-flex\">\n<figure class=\"wp-block-image size-large\"><img decoding=\"async\" width=\"768\" height=\"1024\" data-id=\"15695\" data-src=\"https:\/\/www.prva.hr\/wp-content\/uploads\/2023\/11\/ds4-768x1024.jpg\" alt=\"\" class=\"wp-image-15695 lazyload\" data-srcset=\"https:\/\/prva.hr\/wp-content\/uploads\/2023\/11\/ds4-768x1024.jpg 768w, https:\/\/prva.hr\/wp-content\/uploads\/2023\/11\/ds4-225x300.jpg 225w, https:\/\/prva.hr\/wp-content\/uploads\/2023\/11\/ds4-1152x1536.jpg 1152w, https:\/\/prva.hr\/wp-content\/uploads\/2023\/11\/ds4.jpg 1200w\" data-sizes=\"(max-width: 768px) 100vw, 768px\" src=\"data:image\/svg+xml;base64,PHN2ZyB3aWR0aD0iMSIgaGVpZ2h0PSIxIiB4bWxucz0iaHR0cDovL3d3dy53My5vcmcvMjAwMC9zdmciPjwvc3ZnPg==\" style=\"--smush-placeholder-width: 768px; --smush-placeholder-aspect-ratio: 768\/1024;\" \/><\/figure>\n\n\n\n<figure class=\"wp-block-image size-large\"><img decoding=\"async\" width=\"768\" height=\"1024\" data-id=\"15696\" data-src=\"https:\/\/www.prva.hr\/wp-content\/uploads\/2023\/11\/ds3-768x1024.jpg\" alt=\"\" class=\"wp-image-15696 lazyload\" data-srcset=\"https:\/\/prva.hr\/wp-content\/uploads\/2023\/11\/ds3-768x1024.jpg 768w, https:\/\/prva.hr\/wp-content\/uploads\/2023\/11\/ds3-225x300.jpg 225w, https:\/\/prva.hr\/wp-content\/uploads\/2023\/11\/ds3-1152x1536.jpg 1152w, https:\/\/prva.hr\/wp-content\/uploads\/2023\/11\/ds3.jpg 1200w\" data-sizes=\"(max-width: 768px) 100vw, 768px\" src=\"data:image\/svg+xml;base64,PHN2ZyB3aWR0aD0iMSIgaGVpZ2h0PSIxIiB4bWxucz0iaHR0cDovL3d3dy53My5vcmcvMjAwMC9zdmciPjwvc3ZnPg==\" style=\"--smush-placeholder-width: 768px; --smush-placeholder-aspect-ratio: 768\/1024;\" \/><\/figure>\n\n\n\n<figure class=\"wp-block-image size-large\"><img decoding=\"async\" width=\"768\" height=\"1024\" data-id=\"15697\" data-src=\"https:\/\/www.prva.hr\/wp-content\/uploads\/2023\/11\/ds2-768x1024.jpg\" alt=\"\" class=\"wp-image-15697 lazyload\" data-srcset=\"https:\/\/prva.hr\/wp-content\/uploads\/2023\/11\/ds2-768x1024.jpg 768w, https:\/\/prva.hr\/wp-content\/uploads\/2023\/11\/ds2-225x300.jpg 225w, https:\/\/prva.hr\/wp-content\/uploads\/2023\/11\/ds2-1152x1536.jpg 1152w, https:\/\/prva.hr\/wp-content\/uploads\/2023\/11\/ds2.jpg 1200w\" data-sizes=\"(max-width: 768px) 100vw, 768px\" src=\"data:image\/svg+xml;base64,PHN2ZyB3aWR0aD0iMSIgaGVpZ2h0PSIxIiB4bWxucz0iaHR0cDovL3d3dy53My5vcmcvMjAwMC9zdmciPjwvc3ZnPg==\" style=\"--smush-placeholder-width: 768px; --smush-placeholder-aspect-ratio: 768\/1024;\" \/><\/figure>\n\n\n\n<figure class=\"wp-block-image size-large\"><img decoding=\"async\" width=\"768\" height=\"1024\" data-id=\"15698\" data-src=\"https:\/\/www.prva.hr\/wp-content\/uploads\/2023\/11\/ds1-768x1024.jpg\" alt=\"\" class=\"wp-image-15698 lazyload\" data-srcset=\"https:\/\/prva.hr\/wp-content\/uploads\/2023\/11\/ds1-768x1024.jpg 768w, https:\/\/prva.hr\/wp-content\/uploads\/2023\/11\/ds1-225x300.jpg 225w, https:\/\/prva.hr\/wp-content\/uploads\/2023\/11\/ds1-1152x1536.jpg 1152w, https:\/\/prva.hr\/wp-content\/uploads\/2023\/11\/ds1.jpg 1200w\" data-sizes=\"(max-width: 768px) 100vw, 768px\" src=\"data:image\/svg+xml;base64,PHN2ZyB3aWR0aD0iMSIgaGVpZ2h0PSIxIiB4bWxucz0iaHR0cDovL3d3dy53My5vcmcvMjAwMC9zdmciPjwvc3ZnPg==\" style=\"--smush-placeholder-width: 768px; --smush-placeholder-aspect-ratio: 768\/1024;\" \/><\/figure>\n<\/figure>\n","protected":false},"excerpt":{"rendered":"<p>U znak sje\u0107anja na pra\u0161ke studente i srednjo\u0161kolce koji su se borili za svoja prava, 16. 11. smo obilje\u017eili Me\u0111unarodni dan srednjo\u0161kolaca (17. 11.) s ciljem isticanja kako su oni bili pokreta\u010dka snaga koja mo\u017ee pridonijeti promjenama te kako bi bili primjer budu\u0107im generacijama. Povodom toga, nastavnici \u0161kole pripremili su i po\u010dastili u\u010denike doru\u010dkom te [&hellip;]<\/p>\n","protected":false},"author":7,"featured_media":0,"comment_status":"closed","ping_status":"0","sticky":false,"template":"","format":"standard","meta":{"_et_pb_use_builder":"","_et_pb_old_content":"","_et_gb_content_width":"","footnotes":""},"categories":[6],"tags":[],"class_list":["post-15694","post","type-post","status-publish","format-standard","hentry","category-aktualna-dogadanja"],"_links":{"self":[{"href":"https:\/\/prva.hr\/index.php\/wp-json\/wp\/v2\/posts\/15694","targetHints":{"allow":["GET"]}}],"collection":[{"href":"https:\/\/prva.hr\/index.php\/wp-json\/wp\/v2\/posts"}],"about":[{"href":"https:\/\/prva.hr\/index.php\/wp-json\/wp\/v2\/types\/post"}],"author":[{"embeddable":true,"href":"https:\/\/prva.hr\/index.php\/wp-json\/wp\/v2\/users\/7"}],"replies":[{"embeddable":true,"href":"https:\/\/prva.hr\/index.php\/wp-json\/wp\/v2\/comments?post=15694"}],"version-history":[{"count":1,"href":"https:\/\/prva.hr\/index.php\/wp-json\/wp\/v2\/posts\/15694\/revisions"}],"predecessor-version":[{"id":15699,"href":"https:\/\/prva.hr\/index.php\/wp-json\/wp\/v2\/posts\/15694\/revisions\/15699"}],"wp:attachment":[{"href":"https:\/\/prva.hr\/index.php\/wp-json\/wp\/v2\/media?parent=15694"}],"wp:term":[{"taxonomy":"category","embeddable":true,"href":"https:\/\/prva.hr\/index.php\/wp-json\/wp\/v2\/categories?post=15694"},{"taxonomy":"post_tag","embeddable":true,"href":"https:\/\/prva.hr\/index.php\/wp-json\/wp\/v2\/tags?post=15694"}],"curies":[{"name":"wp","href":"https:\/\/api.w.org\/{rel}","templated":true}]}}