{"id":15964,"date":"2023-12-04T16:15:40","date_gmt":"2023-12-04T15:15:40","guid":{"rendered":"https:\/\/www.prva.hr\/?p=15964"},"modified":"2023-12-04T16:15:43","modified_gmt":"2023-12-04T15:15:43","slug":"volonterski-klub-i-gimnazije-obiljezava-5-12-medunarodni-dan-volontera","status":"publish","type":"post","link":"https:\/\/prva.hr\/index.php\/2023\/12\/04\/volonterski-klub-i-gimnazije-obiljezava-5-12-medunarodni-dan-volontera\/","title":{"rendered":"Volonterski klub I. gimnazije obilje\u017eava 5.12.- Me\u0111unarodni dan volontera"},"content":{"rendered":"\n<p>Povodom obilje\u017eavanja<strong> 5.12.- Me\u0111unarodnog dana volonter<\/strong>a, Volonterski klub I. gimnazije organizirao je tijekom prosinca  pet vrijednih volonterskih aktivnosti. Od toga, tri akcije su humanitarnog karaktera: <\/p>\n\n\n\n<ul class=\"wp-block-list\">\n<li> Akcija darivanja slatki\u0161a <strong>&#8220;Budi cool- podijeli slatki\u0161 svoj&#8221;<\/strong> 27.11-1.12.2023.<\/li>\n<\/ul>\n\n\n\n<ul class=\"wp-block-list\">\n<li>Akcija darivanja igra\u010daka za mali\u0161ane u bolnicama <strong>&#8220;Daruj igra\u010dkama mali\u0161ane u bolnicama<\/strong>&#8221; 27.11.-1.12.2023.<\/li>\n\n\n\n<li>Akcija <strong>&#8220;Solidarnost na djelu&#8221;<\/strong> 20.12.2023.<\/li>\n<\/ul>\n\n\n\n<p>Za 12.12. 2023. planira se sudjelovanja u nacionalnoj ekolo\u0161koj kampanji<strong> &#8220;Zasadi stablo, ne budi panj!&#8221;<\/strong>, a na sam Me\u0111unarodni dan volontera 5.12. 2023. Volonterski klub I. gimnazije sudjeluje na <strong>sve\u010danoj dodjeli nagrade Volonterski Oskar<\/strong>, \u010diji je dobitnik  bio za 2022. godinu.<\/p>\n\n\n\n<figure class=\"wp-block-image size-large is-resized\"><img decoding=\"async\" data-src=\"https:\/\/www.prva.hr\/wp-content\/uploads\/2023\/12\/slatkisi1-1024x829.jpg\" alt=\"\" class=\"wp-image-15969 lazyload\" width=\"525\" height=\"425\" data-srcset=\"https:\/\/prva.hr\/wp-content\/uploads\/2023\/12\/slatkisi1-1024x829.jpg 1024w, https:\/\/prva.hr\/wp-content\/uploads\/2023\/12\/slatkisi1-300x243.jpg 300w, https:\/\/prva.hr\/wp-content\/uploads\/2023\/12\/slatkisi1-768x622.jpg 768w, https:\/\/prva.hr\/wp-content\/uploads\/2023\/12\/slatkisi1-1536x1243.jpg 1536w, https:\/\/prva.hr\/wp-content\/uploads\/2023\/12\/slatkisi1-2048x1658.jpg 2048w, https:\/\/prva.hr\/wp-content\/uploads\/2023\/12\/slatkisi1-371x300.jpg 371w\" data-sizes=\"(max-width: 525px) 100vw, 525px\" src=\"data:image\/svg+xml;base64,PHN2ZyB3aWR0aD0iMSIgaGVpZ2h0PSIxIiB4bWxucz0iaHR0cDovL3d3dy53My5vcmcvMjAwMC9zdmciPjwvc3ZnPg==\" style=\"--smush-placeholder-width: 525px; --smush-placeholder-aspect-ratio: 525\/425;\" \/><\/figure>\n\n\n\n<figure class=\"wp-block-image size-large is-resized\"><img decoding=\"async\" data-src=\"https:\/\/www.prva.hr\/wp-content\/uploads\/2023\/12\/igracke-1-1024x932.jpg\" alt=\"\" class=\"wp-image-15971 lazyload\" width=\"521\" height=\"473\" data-srcset=\"https:\/\/prva.hr\/wp-content\/uploads\/2023\/12\/igracke-1-1024x932.jpg 1024w, https:\/\/prva.hr\/wp-content\/uploads\/2023\/12\/igracke-1-300x273.jpg 300w, https:\/\/prva.hr\/wp-content\/uploads\/2023\/12\/igracke-1-768x699.jpg 768w, https:\/\/prva.hr\/wp-content\/uploads\/2023\/12\/igracke-1-1536x1397.jpg 1536w, https:\/\/prva.hr\/wp-content\/uploads\/2023\/12\/igracke-1-2048x1863.jpg 2048w, https:\/\/prva.hr\/wp-content\/uploads\/2023\/12\/igracke-1-330x300.jpg 330w\" data-sizes=\"(max-width: 521px) 100vw, 521px\" src=\"data:image\/svg+xml;base64,PHN2ZyB3aWR0aD0iMSIgaGVpZ2h0PSIxIiB4bWxucz0iaHR0cDovL3d3dy53My5vcmcvMjAwMC9zdmciPjwvc3ZnPg==\" style=\"--smush-placeholder-width: 521px; --smush-placeholder-aspect-ratio: 521\/473;\" \/><\/figure>\n\n\n\n<p>Slike1.-3. Humanitarne akcije Volonterskog kluba I. gimnazije<\/p>\n","protected":false},"excerpt":{"rendered":"<p>Povodom obilje\u017eavanja 5.12.- Me\u0111unarodnog dana volontera, Volonterski klub I. gimnazije organizirao je tijekom prosinca pet vrijednih volonterskih aktivnosti. Od toga, tri akcije su humanitarnog karaktera: Za 12.12. 2023. planira se sudjelovanja u nacionalnoj ekolo\u0161koj kampanji &#8220;Zasadi stablo, ne budi panj!&#8221;, a na sam Me\u0111unarodni dan volontera 5.12. 2023. Volonterski klub I. gimnazije sudjeluje na sve\u010danoj [&hellip;]<\/p>\n","protected":false},"author":6,"featured_media":15968,"comment_status":"closed","ping_status":"0","sticky":false,"template":"","format":"standard","meta":{"_et_pb_use_builder":"","_et_pb_old_content":"","_et_gb_content_width":"","footnotes":""},"categories":[5,45,6],"tags":[],"class_list":["post-15964","post","type-post","status-publish","format-standard","has-post-thumbnail","hentry","category-aktivnosti","category-aktivnosti-izvannastavne-aktivnosti-volonterski-klub","category-aktualna-dogadanja"],"_links":{"self":[{"href":"https:\/\/prva.hr\/index.php\/wp-json\/wp\/v2\/posts\/15964","targetHints":{"allow":["GET"]}}],"collection":[{"href":"https:\/\/prva.hr\/index.php\/wp-json\/wp\/v2\/posts"}],"about":[{"href":"https:\/\/prva.hr\/index.php\/wp-json\/wp\/v2\/types\/post"}],"author":[{"embeddable":true,"href":"https:\/\/prva.hr\/index.php\/wp-json\/wp\/v2\/users\/6"}],"replies":[{"embeddable":true,"href":"https:\/\/prva.hr\/index.php\/wp-json\/wp\/v2\/comments?post=15964"}],"version-history":[{"count":4,"href":"https:\/\/prva.hr\/index.php\/wp-json\/wp\/v2\/posts\/15964\/revisions"}],"predecessor-version":[{"id":15972,"href":"https:\/\/prva.hr\/index.php\/wp-json\/wp\/v2\/posts\/15964\/revisions\/15972"}],"wp:featuredmedia":[{"embeddable":true,"href":"https:\/\/prva.hr\/index.php\/wp-json\/wp\/v2\/media\/15968"}],"wp:attachment":[{"href":"https:\/\/prva.hr\/index.php\/wp-json\/wp\/v2\/media?parent=15964"}],"wp:term":[{"taxonomy":"category","embeddable":true,"href":"https:\/\/prva.hr\/index.php\/wp-json\/wp\/v2\/categories?post=15964"},{"taxonomy":"post_tag","embeddable":true,"href":"https:\/\/prva.hr\/index.php\/wp-json\/wp\/v2\/tags?post=15964"}],"curies":[{"name":"wp","href":"https:\/\/api.w.org\/{rel}","templated":true}]}}