{"id":16100,"date":"2023-12-12T15:00:57","date_gmt":"2023-12-12T14:00:57","guid":{"rendered":"https:\/\/www.prva.hr\/?p=16100"},"modified":"2023-12-12T15:09:51","modified_gmt":"2023-12-12T14:09:51","slug":"volonterke-prve-po-peti-put-sudjelovale-u-kampanji-zasadi-stablo-ne-budi-panj","status":"publish","type":"post","link":"https:\/\/prva.hr\/index.php\/2023\/12\/12\/volonterke-prve-po-peti-put-sudjelovale-u-kampanji-zasadi-stablo-ne-budi-panj\/","title":{"rendered":"Volonterke Prve po peti put sudjelovale u  kampanji &#8220;Zasadi stablo, ne budi panj!&#8221;"},"content":{"rendered":"\n<p>Volonterski klub I. gimnazije, ve\u0107 je petu godinu za redom, sudjelovao u ekolo\u0161koj Nacionalnoj kampanji sadnje drve\u0107a i biljaka&nbsp;<strong>\u201cZasadi stablo, ne budi panj!\u201d<\/strong>.<\/p>\n\n\n\n<p>Tako su na\u0161e vrijedne volonterke<strong> 12.12.2023.<\/strong> Nives Mesi\u0107  2.c, Elena Novak  3. d razreda, Natali Berdar i Katarina Groznica 1.d, Marta Predrijevac 4.b i Karolina Julari\u0107 4.e,  uz stru\u010dno vodstvo predsjednice udruge M.A. Kramar i donaciju kompanije Decathlon, posadile<strong>  preko 50 mladih sadnica<\/strong>\u00a0 i uljep\u0161ale zelenu povr\u0161inu ispred glavnog ulaza u \u0161kolu!<\/p>\n\n\n\n<figure class=\"wp-block-image size-large is-resized\"><img decoding=\"async\" data-src=\"https:\/\/www.prva.hr\/wp-content\/uploads\/2023\/12\/zasadi4-1024x765.jpg\" alt=\"\" class=\"wp-image-16107 lazyload\" width=\"465\" height=\"347\" data-srcset=\"https:\/\/prva.hr\/wp-content\/uploads\/2023\/12\/zasadi4-1024x765.jpg 1024w, https:\/\/prva.hr\/wp-content\/uploads\/2023\/12\/zasadi4-300x224.jpg 300w, https:\/\/prva.hr\/wp-content\/uploads\/2023\/12\/zasadi4-768x573.jpg 768w, https:\/\/prva.hr\/wp-content\/uploads\/2023\/12\/zasadi4.jpg 1200w\" data-sizes=\"(max-width: 465px) 100vw, 465px\" src=\"data:image\/svg+xml;base64,PHN2ZyB3aWR0aD0iMSIgaGVpZ2h0PSIxIiB4bWxucz0iaHR0cDovL3d3dy53My5vcmcvMjAwMC9zdmciPjwvc3ZnPg==\" style=\"--smush-placeholder-width: 465px; --smush-placeholder-aspect-ratio: 465\/347;\" \/><\/figure>\n\n\n\n<figure class=\"wp-block-image size-large is-resized\"><img decoding=\"async\" data-src=\"https:\/\/www.prva.hr\/wp-content\/uploads\/2023\/12\/zasadi3-772x1024.jpg\" alt=\"\" class=\"wp-image-16108 lazyload\" width=\"457\" height=\"606\" data-srcset=\"https:\/\/prva.hr\/wp-content\/uploads\/2023\/12\/zasadi3-772x1024.jpg 772w, https:\/\/prva.hr\/wp-content\/uploads\/2023\/12\/zasadi3-226x300.jpg 226w, https:\/\/prva.hr\/wp-content\/uploads\/2023\/12\/zasadi3-768x1018.jpg 768w, https:\/\/prva.hr\/wp-content\/uploads\/2023\/12\/zasadi3-1158x1536.jpg 1158w, https:\/\/prva.hr\/wp-content\/uploads\/2023\/12\/zasadi3-1545x2048.jpg 1545w, https:\/\/prva.hr\/wp-content\/uploads\/2023\/12\/zasadi3-scaled.jpg 1931w\" data-sizes=\"(max-width: 457px) 100vw, 457px\" src=\"data:image\/svg+xml;base64,PHN2ZyB3aWR0aD0iMSIgaGVpZ2h0PSIxIiB4bWxucz0iaHR0cDovL3d3dy53My5vcmcvMjAwMC9zdmciPjwvc3ZnPg==\" style=\"--smush-placeholder-width: 457px; --smush-placeholder-aspect-ratio: 457\/606;\" \/><\/figure>\n\n\n\n<figure class=\"wp-block-image size-large is-resized\"><img decoding=\"async\" data-src=\"https:\/\/www.prva.hr\/wp-content\/uploads\/2023\/12\/zasadi2-680x1024.jpg\" alt=\"\" class=\"wp-image-16109 lazyload\" width=\"447\" height=\"673\" data-srcset=\"https:\/\/prva.hr\/wp-content\/uploads\/2023\/12\/zasadi2-680x1024.jpg 680w, https:\/\/prva.hr\/wp-content\/uploads\/2023\/12\/zasadi2-199x300.jpg 199w, https:\/\/prva.hr\/wp-content\/uploads\/2023\/12\/zasadi2-768x1156.jpg 768w, https:\/\/prva.hr\/wp-content\/uploads\/2023\/12\/zasadi2.jpg 982w\" data-sizes=\"(max-width: 447px) 100vw, 447px\" src=\"data:image\/svg+xml;base64,PHN2ZyB3aWR0aD0iMSIgaGVpZ2h0PSIxIiB4bWxucz0iaHR0cDovL3d3dy53My5vcmcvMjAwMC9zdmciPjwvc3ZnPg==\" style=\"--smush-placeholder-width: 447px; --smush-placeholder-aspect-ratio: 447\/673;\" \/><\/figure>\n","protected":false},"excerpt":{"rendered":"<p>Volonterski klub I. gimnazije, ve\u0107 je petu godinu za redom, sudjelovao u ekolo\u0161koj Nacionalnoj kampanji sadnje drve\u0107a i biljaka&nbsp;\u201cZasadi stablo, ne budi panj!\u201d. Tako su na\u0161e vrijedne volonterke 12.12.2023. Nives Mesi\u0107 2.c, Elena Novak 3. d razreda, Natali Berdar i Katarina Groznica 1.d, Marta Predrijevac 4.b i Karolina Julari\u0107 4.e, uz stru\u010dno vodstvo predsjednice udruge [&hellip;]<\/p>\n","protected":false},"author":6,"featured_media":16106,"comment_status":"closed","ping_status":"0","sticky":false,"template":"","format":"standard","meta":{"_et_pb_use_builder":"","_et_pb_old_content":"","_et_gb_content_width":"","footnotes":""},"categories":[5,45,4],"tags":[],"class_list":["post-16100","post","type-post","status-publish","format-standard","has-post-thumbnail","hentry","category-aktivnosti","category-aktivnosti-izvannastavne-aktivnosti-volonterski-klub","category-najnovije-vijesti"],"_links":{"self":[{"href":"https:\/\/prva.hr\/index.php\/wp-json\/wp\/v2\/posts\/16100","targetHints":{"allow":["GET"]}}],"collection":[{"href":"https:\/\/prva.hr\/index.php\/wp-json\/wp\/v2\/posts"}],"about":[{"href":"https:\/\/prva.hr\/index.php\/wp-json\/wp\/v2\/types\/post"}],"author":[{"embeddable":true,"href":"https:\/\/prva.hr\/index.php\/wp-json\/wp\/v2\/users\/6"}],"replies":[{"embeddable":true,"href":"https:\/\/prva.hr\/index.php\/wp-json\/wp\/v2\/comments?post=16100"}],"version-history":[{"count":7,"href":"https:\/\/prva.hr\/index.php\/wp-json\/wp\/v2\/posts\/16100\/revisions"}],"predecessor-version":[{"id":16112,"href":"https:\/\/prva.hr\/index.php\/wp-json\/wp\/v2\/posts\/16100\/revisions\/16112"}],"wp:featuredmedia":[{"embeddable":true,"href":"https:\/\/prva.hr\/index.php\/wp-json\/wp\/v2\/media\/16106"}],"wp:attachment":[{"href":"https:\/\/prva.hr\/index.php\/wp-json\/wp\/v2\/media?parent=16100"}],"wp:term":[{"taxonomy":"category","embeddable":true,"href":"https:\/\/prva.hr\/index.php\/wp-json\/wp\/v2\/categories?post=16100"},{"taxonomy":"post_tag","embeddable":true,"href":"https:\/\/prva.hr\/index.php\/wp-json\/wp\/v2\/tags?post=16100"}],"curies":[{"name":"wp","href":"https:\/\/api.w.org\/{rel}","templated":true}]}}