{"id":16188,"date":"2023-12-19T13:22:06","date_gmt":"2023-12-19T12:22:06","guid":{"rendered":"https:\/\/www.prva.hr\/?p=16188"},"modified":"2023-12-20T13:05:02","modified_gmt":"2023-12-20T12:05:02","slug":"jos-jedna-humanitarna-akcija-volontera-solidarnost-na-djelu-2023","status":"publish","type":"post","link":"https:\/\/prva.hr\/index.php\/2023\/12\/19\/jos-jedna-humanitarna-akcija-volontera-solidarnost-na-djelu-2023\/","title":{"rendered":"Jo\u0161 jedna humanitarna akcija volontera &#8220;Solidarnost na djelu 2023&#8221;!"},"content":{"rendered":"\n<p><p>Ve\u0107 tradicionalno, tijekom blagdanskog prosinca, Volonterski klub I. gimnazije, poziva sve u\u010denike\/ice i nastavnike\/ice \u0161kole da sudjeluju u humanitarnoj akciji <strong>&#8220;Solidarnost na djelu 2023!&#8221;<\/strong> koja se provodi povodom obilje\u017eavanja <strong>20.12.- Me\u0111unarodnog dana ljudske solida<\/strong>rno<span style=\"color: initial; font-size: revert;\">sti.<\/span><\/p><\/p>\n\n\n\n<p><p><span style=\"font-size: revert; color: initial;\">Tijekom velikog odmora, u <\/span><strong style=\"font-size: revert; color: initial;\">srijedu 20.12.2023. <\/strong><span style=\"font-size: revert; color: initial;\">volonteri\/ke \u0107e za 1 euro dijeliti <\/span><strong style=\"font-size: revert; color: initial;\">set \u0161arenih naljepnica<\/strong><span style=\"font-size: revert; color: initial;\">.<\/span><\/p><\/p>\n\n\n\n<p><p><span style=\"font-size: revert; color: initial;\">Prikupljena sredstva Hrvatski Crveni kri\u017e namijenio je za na\u0161e gra\u0111ane lo\u0161ijeg socijalnog statusa i socijalni du\u0107an. <\/span><\/p><\/p>\n\n\n\n<figure class=\"wp-block-image size-large is-resized\"><img decoding=\"async\" data-src=\"https:\/\/www.prva.hr\/wp-content\/uploads\/2023\/12\/plakat-solidarnost-na-djelu-23-1024x739.jpg\" alt=\"\" class=\"wp-image-16191 lazyload\" width=\"280\" height=\"202\" data-srcset=\"https:\/\/prva.hr\/wp-content\/uploads\/2023\/12\/plakat-solidarnost-na-djelu-23-1024x739.jpg 1024w, https:\/\/prva.hr\/wp-content\/uploads\/2023\/12\/plakat-solidarnost-na-djelu-23-300x216.jpg 300w, https:\/\/prva.hr\/wp-content\/uploads\/2023\/12\/plakat-solidarnost-na-djelu-23-768x554.jpg 768w, https:\/\/prva.hr\/wp-content\/uploads\/2023\/12\/plakat-solidarnost-na-djelu-23-1536x1108.jpg 1536w, https:\/\/prva.hr\/wp-content\/uploads\/2023\/12\/plakat-solidarnost-na-djelu-23-2048x1477.jpg 2048w, https:\/\/prva.hr\/wp-content\/uploads\/2023\/12\/plakat-solidarnost-na-djelu-23-400x288.jpg 400w\" data-sizes=\"(max-width: 280px) 100vw, 280px\" src=\"data:image\/svg+xml;base64,PHN2ZyB3aWR0aD0iMSIgaGVpZ2h0PSIxIiB4bWxucz0iaHR0cDovL3d3dy53My5vcmcvMjAwMC9zdmciPjwvc3ZnPg==\" style=\"--smush-placeholder-width: 280px; --smush-placeholder-aspect-ratio: 280\/202;\" \/><\/figure>\n\n\n\n<figure class=\"wp-block-image size-large is-resized\"><img decoding=\"async\" data-src=\"https:\/\/www.prva.hr\/wp-content\/uploads\/2023\/12\/solidarnost1-811x1024.jpg\" alt=\"\" class=\"wp-image-16222 lazyload\" width=\"287\" height=\"362\" data-srcset=\"https:\/\/prva.hr\/wp-content\/uploads\/2023\/12\/solidarnost1-811x1024.jpg 811w, https:\/\/prva.hr\/wp-content\/uploads\/2023\/12\/solidarnost1-238x300.jpg 238w, https:\/\/prva.hr\/wp-content\/uploads\/2023\/12\/solidarnost1-768x970.jpg 768w, https:\/\/prva.hr\/wp-content\/uploads\/2023\/12\/solidarnost1-1216x1536.jpg 1216w, https:\/\/prva.hr\/wp-content\/uploads\/2023\/12\/solidarnost1-1622x2048.jpg 1622w, https:\/\/prva.hr\/wp-content\/uploads\/2023\/12\/solidarnost1-scaled.jpg 2027w\" data-sizes=\"(max-width: 287px) 100vw, 287px\" src=\"data:image\/svg+xml;base64,PHN2ZyB3aWR0aD0iMSIgaGVpZ2h0PSIxIiB4bWxucz0iaHR0cDovL3d3dy53My5vcmcvMjAwMC9zdmciPjwvc3ZnPg==\" style=\"--smush-placeholder-width: 287px; --smush-placeholder-aspect-ratio: 287\/362;\" \/><\/figure>\n\n\n\n<figure class=\"wp-block-image size-large is-resized\"><img decoding=\"async\" data-src=\"https:\/\/www.prva.hr\/wp-content\/uploads\/2023\/12\/solidarnost2-755x1024.jpg\" alt=\"\" class=\"wp-image-16223 lazyload\" width=\"289\" height=\"391\" data-srcset=\"https:\/\/prva.hr\/wp-content\/uploads\/2023\/12\/solidarnost2-755x1024.jpg 755w, https:\/\/prva.hr\/wp-content\/uploads\/2023\/12\/solidarnost2-221x300.jpg 221w, https:\/\/prva.hr\/wp-content\/uploads\/2023\/12\/solidarnost2-768x1041.jpg 768w, https:\/\/prva.hr\/wp-content\/uploads\/2023\/12\/solidarnost2-1133x1536.jpg 1133w, https:\/\/prva.hr\/wp-content\/uploads\/2023\/12\/solidarnost2-1511x2048.jpg 1511w, https:\/\/prva.hr\/wp-content\/uploads\/2023\/12\/solidarnost2-scaled.jpg 1888w\" data-sizes=\"(max-width: 289px) 100vw, 289px\" src=\"data:image\/svg+xml;base64,PHN2ZyB3aWR0aD0iMSIgaGVpZ2h0PSIxIiB4bWxucz0iaHR0cDovL3d3dy53My5vcmcvMjAwMC9zdmciPjwvc3ZnPg==\" style=\"--smush-placeholder-width: 289px; --smush-placeholder-aspect-ratio: 289\/391;\" \/><\/figure>\n","protected":false},"excerpt":{"rendered":"<p>Ve\u0107 tradicionalno, tijekom blagdanskog prosinca, Volonterski klub I. gimnazije, poziva sve u\u010denike\/ice i nastavnike\/ice \u0161kole da sudjeluju u humanitarnoj akciji &#8220;Solidarnost na djelu 2023!&#8221; koja se provodi povodom obilje\u017eavanja 20.12.- Me\u0111unarodnog dana ljudske solidarnosti. Tijekom velikog odmora, u srijedu 20.12.2023. volonteri\/ke \u0107e za 1 euro dijeliti set \u0161arenih naljepnica. Prikupljena sredstva Hrvatski Crveni kri\u017e namijenio [&hellip;]<\/p>\n","protected":false},"author":6,"featured_media":16190,"comment_status":"closed","ping_status":"0","sticky":false,"template":"","format":"standard","meta":{"_et_pb_use_builder":"","_et_pb_old_content":"","_et_gb_content_width":"","footnotes":""},"categories":[5,45,6],"tags":[],"class_list":["post-16188","post","type-post","status-publish","format-standard","has-post-thumbnail","hentry","category-aktivnosti","category-aktivnosti-izvannastavne-aktivnosti-volonterski-klub","category-aktualna-dogadanja"],"_links":{"self":[{"href":"https:\/\/prva.hr\/index.php\/wp-json\/wp\/v2\/posts\/16188","targetHints":{"allow":["GET"]}}],"collection":[{"href":"https:\/\/prva.hr\/index.php\/wp-json\/wp\/v2\/posts"}],"about":[{"href":"https:\/\/prva.hr\/index.php\/wp-json\/wp\/v2\/types\/post"}],"author":[{"embeddable":true,"href":"https:\/\/prva.hr\/index.php\/wp-json\/wp\/v2\/users\/6"}],"replies":[{"embeddable":true,"href":"https:\/\/prva.hr\/index.php\/wp-json\/wp\/v2\/comments?post=16188"}],"version-history":[{"count":4,"href":"https:\/\/prva.hr\/index.php\/wp-json\/wp\/v2\/posts\/16188\/revisions"}],"predecessor-version":[{"id":16225,"href":"https:\/\/prva.hr\/index.php\/wp-json\/wp\/v2\/posts\/16188\/revisions\/16225"}],"wp:featuredmedia":[{"embeddable":true,"href":"https:\/\/prva.hr\/index.php\/wp-json\/wp\/v2\/media\/16190"}],"wp:attachment":[{"href":"https:\/\/prva.hr\/index.php\/wp-json\/wp\/v2\/media?parent=16188"}],"wp:term":[{"taxonomy":"category","embeddable":true,"href":"https:\/\/prva.hr\/index.php\/wp-json\/wp\/v2\/categories?post=16188"},{"taxonomy":"post_tag","embeddable":true,"href":"https:\/\/prva.hr\/index.php\/wp-json\/wp\/v2\/tags?post=16188"}],"curies":[{"name":"wp","href":"https:\/\/api.w.org\/{rel}","templated":true}]}}