{"id":16256,"date":"2024-01-02T11:25:46","date_gmt":"2024-01-02T10:25:46","guid":{"rendered":"https:\/\/www.prva.hr\/?p=16256"},"modified":"2024-01-02T11:25:49","modified_gmt":"2024-01-02T10:25:49","slug":"prilog-o-zakladi-akica-u-boljoj-hrvatskoj","status":"publish","type":"post","link":"https:\/\/prva.hr\/index.php\/2024\/01\/02\/prilog-o-zakladi-akica-u-boljoj-hrvatskoj\/","title":{"rendered":"Prilog o Zakladi Akica u &#8220;Boljoj Hrvatskoj&#8221;"},"content":{"rendered":"\n<p>U ponedjeljak, <strong>25.12.2023.<\/strong> u dijelu Dnevnika Nove TV  &#8220;Bolja Hrvatska&#8221; emitiran je prilog o Zakladi I. gimnazije Akica, na\u0161em donatoru, pokojnom  g. \u0160ubi\u0107u te kratki intervju s na\u0161om stipendisticom Matijom Ladovi\u0107 u njezinom novom, studenskom okru\u017eenju.<\/p>\n","protected":false},"excerpt":{"rendered":"<p>U ponedjeljak, 25.12.2023. u dijelu Dnevnika Nove TV &#8220;Bolja Hrvatska&#8221; emitiran je prilog o Zakladi I. gimnazije Akica, na\u0161em donatoru, pokojnom g. \u0160ubi\u0107u te kratki intervju s na\u0161om stipendisticom Matijom Ladovi\u0107 u njezinom novom, studenskom okru\u017eenju.<\/p>\n","protected":false},"author":6,"featured_media":16258,"comment_status":"closed","ping_status":"0","sticky":false,"template":"","format":"standard","meta":{"_et_pb_use_builder":"","_et_pb_old_content":"","_et_gb_content_width":"","footnotes":""},"categories":[79],"tags":[],"class_list":["post-16256","post","type-post","status-publish","format-standard","has-post-thumbnail","hentry","category-zaklada"],"_links":{"self":[{"href":"https:\/\/prva.hr\/index.php\/wp-json\/wp\/v2\/posts\/16256","targetHints":{"allow":["GET"]}}],"collection":[{"href":"https:\/\/prva.hr\/index.php\/wp-json\/wp\/v2\/posts"}],"about":[{"href":"https:\/\/prva.hr\/index.php\/wp-json\/wp\/v2\/types\/post"}],"author":[{"embeddable":true,"href":"https:\/\/prva.hr\/index.php\/wp-json\/wp\/v2\/users\/6"}],"replies":[{"embeddable":true,"href":"https:\/\/prva.hr\/index.php\/wp-json\/wp\/v2\/comments?post=16256"}],"version-history":[{"count":1,"href":"https:\/\/prva.hr\/index.php\/wp-json\/wp\/v2\/posts\/16256\/revisions"}],"predecessor-version":[{"id":16257,"href":"https:\/\/prva.hr\/index.php\/wp-json\/wp\/v2\/posts\/16256\/revisions\/16257"}],"wp:featuredmedia":[{"embeddable":true,"href":"https:\/\/prva.hr\/index.php\/wp-json\/wp\/v2\/media\/16258"}],"wp:attachment":[{"href":"https:\/\/prva.hr\/index.php\/wp-json\/wp\/v2\/media?parent=16256"}],"wp:term":[{"taxonomy":"category","embeddable":true,"href":"https:\/\/prva.hr\/index.php\/wp-json\/wp\/v2\/categories?post=16256"},{"taxonomy":"post_tag","embeddable":true,"href":"https:\/\/prva.hr\/index.php\/wp-json\/wp\/v2\/tags?post=16256"}],"curies":[{"name":"wp","href":"https:\/\/api.w.org\/{rel}","templated":true}]}}