{"id":16414,"date":"2024-01-24T15:16:22","date_gmt":"2024-01-24T14:16:22","guid":{"rendered":"https:\/\/www.prva.hr\/?p=16414"},"modified":"2024-01-24T15:16:26","modified_gmt":"2024-01-24T14:16:26","slug":"i-gimnazija-ulazi-u-ekolosku-kampanju-sumoborci","status":"publish","type":"post","link":"https:\/\/prva.hr\/index.php\/2024\/01\/24\/i-gimnazija-ulazi-u-ekolosku-kampanju-sumoborci\/","title":{"rendered":"I. gimnazija ulazi u ekolo\u0161ku kampanju &#8220;\u0160umoborci&#8221;"},"content":{"rendered":"\n<p>U suradnji sa Savezom izvi\u0111a\u010da Hrvatske i &#8220;Akordom&#8221;, I. gimnazija sudjeluje u <strong>kampanji &#8220;\u0160umoborci&#8221;<\/strong>.<\/p>\n\n\n\n<p>Kampanja &#8220;\u0160umoborci&#8221; dio je me\u0111unarodnog projekta <strong>&#8220;CO2MPENSATING BY PLANTING&#8221;<\/strong>.<\/p>\n\n\n\n<p> Tako je u srijedu<strong> 24.1. 2024.<\/strong> odr\u017eana interaktivna, \u010detverosatna radionica po me\u0111unarodnoj licenci <strong>&#8220;Klimatski kola\u017e&#8221;<\/strong> za grupu u\u010denika\/ica s nastave Poduzetni\u0161tva i iz Volonterskog kluba. <\/p>\n\n\n\n<p> U nastavku kampanje, planira se aktivno sudjelovanje u\u010denika\/ica u  <strong>akciji po\u0161umljavan<\/strong>ja na \u0161iroj okolici Zagreba. Obnavljat \u0107e se \u0161umske povr\u0161ine stradale od u\u010dinaka klimatskih promjena. Veselimo se na\u0161em doprinosu u smanjenju uglji\u010dnog otiska!<\/p>\n\n\n\n<h1 class=\"wp-block-heading\"><\/h1>\n\n\n\n<figure class=\"wp-block-image size-large is-resized\"><img decoding=\"async\" data-src=\"https:\/\/www.prva.hr\/wp-content\/uploads\/2024\/01\/sumoborci2-1024x596.jpg\" alt=\"\" class=\"wp-image-16417 lazyload\" width=\"444\" height=\"257\" data-srcset=\"https:\/\/prva.hr\/wp-content\/uploads\/2024\/01\/sumoborci2-1024x596.jpg 1024w, https:\/\/prva.hr\/wp-content\/uploads\/2024\/01\/sumoborci2-300x174.jpg 300w, https:\/\/prva.hr\/wp-content\/uploads\/2024\/01\/sumoborci2-768x447.jpg 768w, https:\/\/prva.hr\/wp-content\/uploads\/2024\/01\/sumoborci2-1536x893.jpg 1536w, https:\/\/prva.hr\/wp-content\/uploads\/2024\/01\/sumoborci2-2048x1191.jpg 2048w, https:\/\/prva.hr\/wp-content\/uploads\/2024\/01\/sumoborci2-400x233.jpg 400w\" data-sizes=\"(max-width: 444px) 100vw, 444px\" src=\"data:image\/svg+xml;base64,PHN2ZyB3aWR0aD0iMSIgaGVpZ2h0PSIxIiB4bWxucz0iaHR0cDovL3d3dy53My5vcmcvMjAwMC9zdmciPjwvc3ZnPg==\" style=\"--smush-placeholder-width: 444px; --smush-placeholder-aspect-ratio: 444\/257;\" \/><\/figure>\n\n\n\n<figure class=\"wp-block-image size-large is-resized\"><img decoding=\"async\" data-src=\"https:\/\/www.prva.hr\/wp-content\/uploads\/2024\/01\/sumoborci3-1024x810.jpg\" alt=\"\" class=\"wp-image-16418 lazyload\" width=\"444\" height=\"351\" data-srcset=\"https:\/\/prva.hr\/wp-content\/uploads\/2024\/01\/sumoborci3-1024x810.jpg 1024w, https:\/\/prva.hr\/wp-content\/uploads\/2024\/01\/sumoborci3-300x237.jpg 300w, https:\/\/prva.hr\/wp-content\/uploads\/2024\/01\/sumoborci3-768x607.jpg 768w, https:\/\/prva.hr\/wp-content\/uploads\/2024\/01\/sumoborci3-1536x1215.jpg 1536w, https:\/\/prva.hr\/wp-content\/uploads\/2024\/01\/sumoborci3-2048x1620.jpg 2048w, https:\/\/prva.hr\/wp-content\/uploads\/2024\/01\/sumoborci3-379x300.jpg 379w\" data-sizes=\"(max-width: 444px) 100vw, 444px\" src=\"data:image\/svg+xml;base64,PHN2ZyB3aWR0aD0iMSIgaGVpZ2h0PSIxIiB4bWxucz0iaHR0cDovL3d3dy53My5vcmcvMjAwMC9zdmciPjwvc3ZnPg==\" style=\"--smush-placeholder-width: 444px; --smush-placeholder-aspect-ratio: 444\/351;\" \/><\/figure>\n\n\n\n<p>Sl. Sudjelovanje poduzetnika\/ica i volonera\/ki I. gimnazije na radionici Klimatski kola\u017e kampanje \u0160umoborci<\/p>\n","protected":false},"excerpt":{"rendered":"<p>U suradnji sa Savezom izvi\u0111a\u010da Hrvatske i &#8220;Akordom&#8221;, I. gimnazija sudjeluje u kampanji &#8220;\u0160umoborci&#8221;. Kampanja &#8220;\u0160umoborci&#8221; dio je me\u0111unarodnog projekta &#8220;CO2MPENSATING BY PLANTING&#8221;. Tako je u srijedu 24.1. 2024. odr\u017eana interaktivna, \u010detverosatna radionica po me\u0111unarodnoj licenci &#8220;Klimatski kola\u017e&#8221; za grupu u\u010denika\/ica s nastave Poduzetni\u0161tva i iz Volonterskog kluba. U nastavku kampanje, planira se aktivno sudjelovanje [&hellip;]<\/p>\n","protected":false},"author":6,"featured_media":16416,"comment_status":"closed","ping_status":"0","sticky":false,"template":"","format":"standard","meta":{"_et_pb_use_builder":"","_et_pb_old_content":"","_et_gb_content_width":"","footnotes":""},"categories":[5,45,6,40],"tags":[],"class_list":["post-16414","post","type-post","status-publish","format-standard","has-post-thumbnail","hentry","category-aktivnosti","category-aktivnosti-izvannastavne-aktivnosti-volonterski-klub","category-aktualna-dogadanja","category-nastava-fakultativna-nastava-poduzetnistvo"],"_links":{"self":[{"href":"https:\/\/prva.hr\/index.php\/wp-json\/wp\/v2\/posts\/16414","targetHints":{"allow":["GET"]}}],"collection":[{"href":"https:\/\/prva.hr\/index.php\/wp-json\/wp\/v2\/posts"}],"about":[{"href":"https:\/\/prva.hr\/index.php\/wp-json\/wp\/v2\/types\/post"}],"author":[{"embeddable":true,"href":"https:\/\/prva.hr\/index.php\/wp-json\/wp\/v2\/users\/6"}],"replies":[{"embeddable":true,"href":"https:\/\/prva.hr\/index.php\/wp-json\/wp\/v2\/comments?post=16414"}],"version-history":[{"count":3,"href":"https:\/\/prva.hr\/index.php\/wp-json\/wp\/v2\/posts\/16414\/revisions"}],"predecessor-version":[{"id":16420,"href":"https:\/\/prva.hr\/index.php\/wp-json\/wp\/v2\/posts\/16414\/revisions\/16420"}],"wp:featuredmedia":[{"embeddable":true,"href":"https:\/\/prva.hr\/index.php\/wp-json\/wp\/v2\/media\/16416"}],"wp:attachment":[{"href":"https:\/\/prva.hr\/index.php\/wp-json\/wp\/v2\/media?parent=16414"}],"wp:term":[{"taxonomy":"category","embeddable":true,"href":"https:\/\/prva.hr\/index.php\/wp-json\/wp\/v2\/categories?post=16414"},{"taxonomy":"post_tag","embeddable":true,"href":"https:\/\/prva.hr\/index.php\/wp-json\/wp\/v2\/tags?post=16414"}],"curies":[{"name":"wp","href":"https:\/\/api.w.org\/{rel}","templated":true}]}}