{"id":16549,"date":"2024-02-06T10:18:37","date_gmt":"2024-02-06T09:18:37","guid":{"rendered":"https:\/\/www.prva.hr\/?p=16549"},"modified":"2024-02-07T14:56:36","modified_gmt":"2024-02-07T13:56:36","slug":"ucenici-prve-na-koncertu-muzicke-akademije","status":"publish","type":"post","link":"https:\/\/prva.hr\/index.php\/2024\/02\/06\/ucenici-prve-na-koncertu-muzicke-akademije\/","title":{"rendered":"U\u010denici Prve na koncertu Muzi\u010dke akademije"},"content":{"rendered":"\n<p>U utorak <strong>30. sije\u010dnja 2024.<\/strong> u\u010denici i u\u010denice 1.c, 3.c i 4.c, u pratnji  profesorica i stru\u010dnih suradnica, posjetili su <strong>Muzi\u010dku akademiju<\/strong> i u koncertnoj dvorani Blagoje Bersa poslu\u0161ali <strong>nastup orgulja\u0161ice Urse Ljuban<\/strong> u sklopu Orguljskog festivala Anabasis: Dies alumni.<\/p>\n\n\n\n<p>Festival ve\u0107 osmu akademsku godinu donosi osam tematski osmi\u0161ljenih koncerata na kojima se na interdisciplinaran na\u010din predstavlja orguljska literatura. Teme koncerata obuhva\u0107aju razli\u010dita stilska razdoblja te obra\u0111uju razli\u010dite aspekte poimanja glazbe kroz povijest. Dvoranski prostor Akademije omogu\u0107ava i predstavljanje svjetovnije strane orgulja, instrumenta koji sam po sebi ve\u0107 nosi uvrije\u017eenu konotaciju sakralnosti.<\/p>\n\n\n\n<p><\/p>\n","protected":false},"excerpt":{"rendered":"<p>U utorak 30. sije\u010dnja 2024. u\u010denici i u\u010denice 1.c, 3.c i 4.c, u pratnji profesorica i stru\u010dnih suradnica, posjetili su Muzi\u010dku akademiju i u koncertnoj dvorani Blagoje Bersa poslu\u0161ali nastup orgulja\u0161ice Urse Ljuban u sklopu Orguljskog festivala Anabasis: Dies alumni. Festival ve\u0107 osmu akademsku godinu donosi osam tematski osmi\u0161ljenih koncerata na kojima se na interdisciplinaran [&hellip;]<\/p>\n","protected":false},"author":6,"featured_media":16555,"comment_status":"closed","ping_status":"0","sticky":false,"template":"","format":"standard","meta":{"_et_pb_use_builder":"","_et_pb_old_content":"","_et_gb_content_width":"","footnotes":""},"categories":[5,6,14],"tags":[],"class_list":["post-16549","post","type-post","status-publish","format-standard","has-post-thumbnail","hentry","category-aktivnosti","category-aktualna-dogadanja","category-dogadanja-izvan-skole"],"_links":{"self":[{"href":"https:\/\/prva.hr\/index.php\/wp-json\/wp\/v2\/posts\/16549","targetHints":{"allow":["GET"]}}],"collection":[{"href":"https:\/\/prva.hr\/index.php\/wp-json\/wp\/v2\/posts"}],"about":[{"href":"https:\/\/prva.hr\/index.php\/wp-json\/wp\/v2\/types\/post"}],"author":[{"embeddable":true,"href":"https:\/\/prva.hr\/index.php\/wp-json\/wp\/v2\/users\/6"}],"replies":[{"embeddable":true,"href":"https:\/\/prva.hr\/index.php\/wp-json\/wp\/v2\/comments?post=16549"}],"version-history":[{"count":4,"href":"https:\/\/prva.hr\/index.php\/wp-json\/wp\/v2\/posts\/16549\/revisions"}],"predecessor-version":[{"id":16568,"href":"https:\/\/prva.hr\/index.php\/wp-json\/wp\/v2\/posts\/16549\/revisions\/16568"}],"wp:featuredmedia":[{"embeddable":true,"href":"https:\/\/prva.hr\/index.php\/wp-json\/wp\/v2\/media\/16555"}],"wp:attachment":[{"href":"https:\/\/prva.hr\/index.php\/wp-json\/wp\/v2\/media?parent=16549"}],"wp:term":[{"taxonomy":"category","embeddable":true,"href":"https:\/\/prva.hr\/index.php\/wp-json\/wp\/v2\/categories?post=16549"},{"taxonomy":"post_tag","embeddable":true,"href":"https:\/\/prva.hr\/index.php\/wp-json\/wp\/v2\/tags?post=16549"}],"curies":[{"name":"wp","href":"https:\/\/api.w.org\/{rel}","templated":true}]}}