{"id":16559,"date":"2024-02-06T10:55:53","date_gmt":"2024-02-06T09:55:53","guid":{"rendered":"https:\/\/www.prva.hr\/?p=16559"},"modified":"2024-02-06T10:57:54","modified_gmt":"2024-02-06T09:57:54","slug":"projekt-zaposli-ruke-otpusti-brige","status":"publish","type":"post","link":"https:\/\/prva.hr\/index.php\/2024\/02\/06\/projekt-zaposli-ruke-otpusti-brige\/","title":{"rendered":"Projekt Zaposli ruke otpusti brige"},"content":{"rendered":"\n<p>Projekt \u201dZaposli ruke otpusti brige\u201d provodit \u0107e se tijekom \u0161kolske godine 2023.\/2024 Na po\u010detku projekta proveli smo ispitivanje (anketiranje svih u\u010denika \u0161kole). U aktivnostima koje su predvi\u0111ene projektom sudjelovat \u0107e zainteresirani u\u010denici i nastavnici ovisno o iskazanim interesima, sklonostima i sposobnostima. Op\u0107i cilj projekta usmjeren je na poticanju u\u010denika za \u0161to kvalitetnije iskori\u0161tavanje slobodnog vremena. Kao glavni rezultat projekta \u201dZaposli ruke otpusti brige\u201d o\u010dekuje se&nbsp; ja\u010danje samopouzdanja, stvaranje zdravih vr\u0161nja\u010dkih odnosa kroz dru\u017eenje i zajedni\u010dki rad, razvoj prakti\u010dnih vje\u0161tina, ja\u010danje povjerenja u druge te osna\u017eivanje privr\u017eenosti \u0161koli. Nakon provedenih radionica u\u010denici bi u timu izra\u0111ivali multimedijske materijale pri \u010demu bi imali ograni\u010deno vrijeme izrade, ali i vrijeme predstavljanja rada.&nbsp; Kroz izra\u0111ene materijale prikazali bi provedene aktivnosti (npr. oblikovanje gline) te istovremeno pove\u0107ali razinu primjene IKT-a. Glavna ideja je potaknuti mlade da kvalitetno provode slobodno vrijeme, a da se istovremeno opuste i zabave.<\/p>\n","protected":false},"excerpt":{"rendered":"<p>Projekt \u201dZaposli ruke otpusti brige\u201d provodit \u0107e se tijekom \u0161kolske godine 2023.\/2024 Na po\u010detku projekta proveli smo ispitivanje (anketiranje svih u\u010denika \u0161kole). U aktivnostima koje su predvi\u0111ene projektom sudjelovat \u0107e zainteresirani u\u010denici i nastavnici ovisno o iskazanim interesima, sklonostima i sposobnostima. Op\u0107i cilj projekta usmjeren je na poticanju u\u010denika za \u0161to kvalitetnije iskori\u0161tavanje slobodnog vremena. [&hellip;]<\/p>\n","protected":false},"author":5,"featured_media":0,"comment_status":"closed","ping_status":"closed","sticky":false,"template":"","format":"standard","meta":{"_et_pb_use_builder":"","_et_pb_old_content":"","_et_gb_content_width":"","footnotes":""},"categories":[70,1,8],"tags":[],"class_list":["post-16559","post","type-post","status-publish","format-standard","hentry","category-aktivnosti-projekti-ostali-projekti","category-nekategorizirano","category-projekti"],"_links":{"self":[{"href":"https:\/\/prva.hr\/index.php\/wp-json\/wp\/v2\/posts\/16559","targetHints":{"allow":["GET"]}}],"collection":[{"href":"https:\/\/prva.hr\/index.php\/wp-json\/wp\/v2\/posts"}],"about":[{"href":"https:\/\/prva.hr\/index.php\/wp-json\/wp\/v2\/types\/post"}],"author":[{"embeddable":true,"href":"https:\/\/prva.hr\/index.php\/wp-json\/wp\/v2\/users\/5"}],"replies":[{"embeddable":true,"href":"https:\/\/prva.hr\/index.php\/wp-json\/wp\/v2\/comments?post=16559"}],"version-history":[{"count":2,"href":"https:\/\/prva.hr\/index.php\/wp-json\/wp\/v2\/posts\/16559\/revisions"}],"predecessor-version":[{"id":16561,"href":"https:\/\/prva.hr\/index.php\/wp-json\/wp\/v2\/posts\/16559\/revisions\/16561"}],"wp:attachment":[{"href":"https:\/\/prva.hr\/index.php\/wp-json\/wp\/v2\/media?parent=16559"}],"wp:term":[{"taxonomy":"category","embeddable":true,"href":"https:\/\/prva.hr\/index.php\/wp-json\/wp\/v2\/categories?post=16559"},{"taxonomy":"post_tag","embeddable":true,"href":"https:\/\/prva.hr\/index.php\/wp-json\/wp\/v2\/tags?post=16559"}],"curies":[{"name":"wp","href":"https:\/\/api.w.org\/{rel}","templated":true}]}}