{"id":16562,"date":"2024-02-06T14:54:26","date_gmt":"2024-02-06T13:54:26","guid":{"rendered":"https:\/\/www.prva.hr\/?p=16562"},"modified":"2024-02-07T14:56:08","modified_gmt":"2024-02-07T13:56:08","slug":"i-gimnazija-na-izvedbi-carmina-burana-u-lisinskom","status":"publish","type":"post","link":"https:\/\/prva.hr\/index.php\/2024\/02\/06\/i-gimnazija-na-izvedbi-carmina-burana-u-lisinskom\/","title":{"rendered":"I. gimnazija na izvedbi &#8220;Carmina Burana&#8221; u Lisinskom"},"content":{"rendered":"\n<p><strong><br><\/strong>U ponedjeljak,<strong>&nbsp;5. velja\u010de&nbsp; 2024.&nbsp;<\/strong>grupa od 148 u\u010denika&nbsp; iz 2.a,2.b, 2.c, 2.d, 3. d i 3.e razreda, u pratnji svojih profesorica i stru\u010dnih suradnica,&nbsp; prisustvovali je izvedbi najpoznatije kantate XX. stolje\u0107a,&nbsp;<strong>Carmine Burane&nbsp;<\/strong>&nbsp;njema\u010dkog skladatelja Carla Orffa koja se odr\u017eala u Koncertnoj dvorani Vatroslava Lisinskog.<\/p>\n\n\n\n<figure class=\"wp-block-image size-large is-resized\"><img decoding=\"async\" data-src=\"https:\/\/www.prva.hr\/wp-content\/uploads\/2024\/02\/orff3-1024x523.jpg\" alt=\"\" class=\"wp-image-16565 lazyload\" width=\"430\" height=\"220\" data-srcset=\"https:\/\/prva.hr\/wp-content\/uploads\/2024\/02\/orff3-1024x523.jpg 1024w, https:\/\/prva.hr\/wp-content\/uploads\/2024\/02\/orff3-300x153.jpg 300w, https:\/\/prva.hr\/wp-content\/uploads\/2024\/02\/orff3-768x393.jpg 768w, https:\/\/prva.hr\/wp-content\/uploads\/2024\/02\/orff3-400x204.jpg 400w, https:\/\/prva.hr\/wp-content\/uploads\/2024\/02\/orff3.jpg 1528w\" data-sizes=\"(max-width: 430px) 100vw, 430px\" src=\"data:image\/svg+xml;base64,PHN2ZyB3aWR0aD0iMSIgaGVpZ2h0PSIxIiB4bWxucz0iaHR0cDovL3d3dy53My5vcmcvMjAwMC9zdmciPjwvc3ZnPg==\" style=\"--smush-placeholder-width: 430px; --smush-placeholder-aspect-ratio: 430\/220;\" \/><\/figure>\n\n\n\n<figure class=\"wp-block-image size-large is-resized\"><img decoding=\"async\" data-src=\"https:\/\/www.prva.hr\/wp-content\/uploads\/2024\/02\/orff2-1024x1010.jpg\" alt=\"\" class=\"wp-image-16566 lazyload\" width=\"425\" height=\"418\" data-srcset=\"https:\/\/prva.hr\/wp-content\/uploads\/2024\/02\/orff2-1024x1010.jpg 1024w, https:\/\/prva.hr\/wp-content\/uploads\/2024\/02\/orff2-300x296.jpg 300w, https:\/\/prva.hr\/wp-content\/uploads\/2024\/02\/orff2-768x757.jpg 768w, https:\/\/prva.hr\/wp-content\/uploads\/2024\/02\/orff2-1536x1515.jpg 1536w, https:\/\/prva.hr\/wp-content\/uploads\/2024\/02\/orff2-2048x2020.jpg 2048w, https:\/\/prva.hr\/wp-content\/uploads\/2024\/02\/orff2-304x300.jpg 304w\" data-sizes=\"(max-width: 425px) 100vw, 425px\" src=\"data:image\/svg+xml;base64,PHN2ZyB3aWR0aD0iMSIgaGVpZ2h0PSIxIiB4bWxucz0iaHR0cDovL3d3dy53My5vcmcvMjAwMC9zdmciPjwvc3ZnPg==\" style=\"--smush-placeholder-width: 425px; --smush-placeholder-aspect-ratio: 425\/418;\" \/><\/figure>\n","protected":false},"excerpt":{"rendered":"<p>U ponedjeljak,&nbsp;5. velja\u010de&nbsp; 2024.&nbsp;grupa od 148 u\u010denika&nbsp; iz 2.a,2.b, 2.c, 2.d, 3. d i 3.e razreda, u pratnji svojih profesorica i stru\u010dnih suradnica,&nbsp; prisustvovali je izvedbi najpoznatije kantate XX. stolje\u0107a,&nbsp;Carmine Burane&nbsp;&nbsp;njema\u010dkog skladatelja Carla Orffa koja se odr\u017eala u Koncertnoj dvorani Vatroslava Lisinskog.<\/p>\n","protected":false},"author":6,"featured_media":16564,"comment_status":"closed","ping_status":"0","sticky":false,"template":"","format":"standard","meta":{"_et_pb_use_builder":"","_et_pb_old_content":"","_et_gb_content_width":"","footnotes":""},"categories":[5,6,14],"tags":[],"class_list":["post-16562","post","type-post","status-publish","format-standard","has-post-thumbnail","hentry","category-aktivnosti","category-aktualna-dogadanja","category-dogadanja-izvan-skole"],"_links":{"self":[{"href":"https:\/\/prva.hr\/index.php\/wp-json\/wp\/v2\/posts\/16562","targetHints":{"allow":["GET"]}}],"collection":[{"href":"https:\/\/prva.hr\/index.php\/wp-json\/wp\/v2\/posts"}],"about":[{"href":"https:\/\/prva.hr\/index.php\/wp-json\/wp\/v2\/types\/post"}],"author":[{"embeddable":true,"href":"https:\/\/prva.hr\/index.php\/wp-json\/wp\/v2\/users\/6"}],"replies":[{"embeddable":true,"href":"https:\/\/prva.hr\/index.php\/wp-json\/wp\/v2\/comments?post=16562"}],"version-history":[{"count":3,"href":"https:\/\/prva.hr\/index.php\/wp-json\/wp\/v2\/posts\/16562\/revisions"}],"predecessor-version":[{"id":16589,"href":"https:\/\/prva.hr\/index.php\/wp-json\/wp\/v2\/posts\/16562\/revisions\/16589"}],"wp:featuredmedia":[{"embeddable":true,"href":"https:\/\/prva.hr\/index.php\/wp-json\/wp\/v2\/media\/16564"}],"wp:attachment":[{"href":"https:\/\/prva.hr\/index.php\/wp-json\/wp\/v2\/media?parent=16562"}],"wp:term":[{"taxonomy":"category","embeddable":true,"href":"https:\/\/prva.hr\/index.php\/wp-json\/wp\/v2\/categories?post=16562"},{"taxonomy":"post_tag","embeddable":true,"href":"https:\/\/prva.hr\/index.php\/wp-json\/wp\/v2\/tags?post=16562"}],"curies":[{"name":"wp","href":"https:\/\/api.w.org\/{rel}","templated":true}]}}