{"id":16620,"date":"2024-02-09T10:25:33","date_gmt":"2024-02-09T09:25:33","guid":{"rendered":"https:\/\/www.prva.hr\/?p=16620"},"modified":"2024-02-13T14:14:49","modified_gmt":"2024-02-13T13:14:49","slug":"ucenici-i-gimnazije-sa-skladateljem-alfi-kabiljom-u-lisinskom","status":"publish","type":"post","link":"https:\/\/prva.hr\/index.php\/2024\/02\/09\/ucenici-i-gimnazije-sa-skladateljem-alfi-kabiljom-u-lisinskom\/","title":{"rendered":"U\u010denici I. gimnazije sa skladateljem Alfijem Kabiljom u Lisinskom"},"content":{"rendered":"\n<p>U sklopu projekta <strong>Behind the scene<\/strong>, pod vodstvom profesorice glazbene  umjetnosti Kristine Vladu\u0161i\u0107 i u pratnji profesorice likovne umjetnosti Maje Fer\u010dek i stru\u010dne suradnice psihologinje Vlaste Luka\u010devi\u0107, u\u010denici <strong>2.e, 4.a i 4.e <\/strong>posjetili su u srijedu <strong>7. velja\u010de 2024. <\/strong>Koncertnu dvoranu Vatroslav Lisinski.<\/p>\n\n\n\n<p>Tako su na\u0161i u\u010denici i u\u010denice imali jedinstvenu priliku biti blizu na\u0161eg velikog skladatelja i autora jednog od najpoznatijih mjuzikla Jalta, Jalta <strong>Alfija Kabilja<\/strong> te upoznati francuskog dirigenta Simfonijskog orkestra Hrvatske <em>Pascala Roph\u00e9<\/em>a i francuskog violinistu Juliena Szulmana.<\/p>\n\n\n\n<p>Razgovor je moderirala muzikologinja Sr\u0111ana Vrsalovi\u0107 ispred Hrvatskog dru\u0161tva skladatelja. Nakon predavanja na\u0161i su u\u010denici nazo\u010dili generalnoj probi Simfonijskog orkestra HRT-a u kojoj su imali prilike \u010duti skladbu Voda i vatra za Georga Friedricha H\u00e4ndela, simfonijski hommage Alfija Kabilja i orkestralnu suitu Planeti Gustava Holsta.<\/p>\n\n\n\n<p>Cilj projekta Behind the scenes stvaranje je mlade koncertne publike.\u00a0<\/p>\n\n\n\n<p> Vi\u0161e o doga\u0111aju na: <\/p>\n\n\n\n<p><a href=\"https:\/\/www.instagram.com\/p\/C3GO0mkMhAi\/?igsh=Z2JpbG9naDNwY2Q4\">https:\/\/www.instagram.com\/p\/C3GO0mkMhAi\/?igsh=Z2JpbG9naDNwY2Q4<\/a><\/p>\n\n\n\n<figure class=\"wp-block-image size-full is-resized\"><img decoding=\"async\" data-src=\"https:\/\/www.prva.hr\/wp-content\/uploads\/2024\/02\/alfi1.jpg\" alt=\"\" class=\"wp-image-16625 lazyload\" width=\"271\" height=\"358\" data-srcset=\"https:\/\/prva.hr\/wp-content\/uploads\/2024\/02\/alfi1.jpg 736w, https:\/\/prva.hr\/wp-content\/uploads\/2024\/02\/alfi1-227x300.jpg 227w\" data-sizes=\"(max-width: 271px) 100vw, 271px\" src=\"data:image\/svg+xml;base64,PHN2ZyB3aWR0aD0iMSIgaGVpZ2h0PSIxIiB4bWxucz0iaHR0cDovL3d3dy53My5vcmcvMjAwMC9zdmciPjwvc3ZnPg==\" style=\"--smush-placeholder-width: 271px; --smush-placeholder-aspect-ratio: 271\/358;\" \/><\/figure>\n\n\n\n<p>foto: Matej Grgi\u0107\/HDS<\/p>\n\n\n\n<figure class=\"wp-block-image size-large is-resized\"><img decoding=\"async\" data-src=\"https:\/\/www.prva.hr\/wp-content\/uploads\/2024\/02\/alfi4-1024x673.jpg\" alt=\"\" class=\"wp-image-16626 lazyload\" width=\"279\" height=\"183\" data-srcset=\"https:\/\/prva.hr\/wp-content\/uploads\/2024\/02\/alfi4-1024x673.jpg 1024w, https:\/\/prva.hr\/wp-content\/uploads\/2024\/02\/alfi4-300x197.jpg 300w, https:\/\/prva.hr\/wp-content\/uploads\/2024\/02\/alfi4-768x505.jpg 768w, https:\/\/prva.hr\/wp-content\/uploads\/2024\/02\/alfi4-1536x1010.jpg 1536w, https:\/\/prva.hr\/wp-content\/uploads\/2024\/02\/alfi4-2048x1347.jpg 2048w, https:\/\/prva.hr\/wp-content\/uploads\/2024\/02\/alfi4-400x263.jpg 400w\" data-sizes=\"(max-width: 279px) 100vw, 279px\" src=\"data:image\/svg+xml;base64,PHN2ZyB3aWR0aD0iMSIgaGVpZ2h0PSIxIiB4bWxucz0iaHR0cDovL3d3dy53My5vcmcvMjAwMC9zdmciPjwvc3ZnPg==\" style=\"--smush-placeholder-width: 279px; --smush-placeholder-aspect-ratio: 279\/183;\" \/><\/figure>\n\n\n\n<p>Sl. U\u010denici\/ice I. gimnazije na generalnoj probi Simfonijskog orkestra HRT-a<\/p>\n","protected":false},"excerpt":{"rendered":"<p>U sklopu projekta Behind the scene, pod vodstvom profesorice glazbene umjetnosti Kristine Vladu\u0161i\u0107 i u pratnji profesorice likovne umjetnosti Maje Fer\u010dek i stru\u010dne suradnice psihologinje Vlaste Luka\u010devi\u0107, u\u010denici 2.e, 4.a i 4.e posjetili su u srijedu 7. velja\u010de 2024. Koncertnu dvoranu Vatroslav Lisinski. Tako su na\u0161i u\u010denici i u\u010denice imali jedinstvenu priliku biti blizu na\u0161eg [&hellip;]<\/p>\n","protected":false},"author":6,"featured_media":16624,"comment_status":"closed","ping_status":"0","sticky":false,"template":"","format":"standard","meta":{"_et_pb_use_builder":"","_et_pb_old_content":"","_et_gb_content_width":"","footnotes":""},"categories":[5,6,14],"tags":[],"class_list":["post-16620","post","type-post","status-publish","format-standard","has-post-thumbnail","hentry","category-aktivnosti","category-aktualna-dogadanja","category-dogadanja-izvan-skole"],"_links":{"self":[{"href":"https:\/\/prva.hr\/index.php\/wp-json\/wp\/v2\/posts\/16620","targetHints":{"allow":["GET"]}}],"collection":[{"href":"https:\/\/prva.hr\/index.php\/wp-json\/wp\/v2\/posts"}],"about":[{"href":"https:\/\/prva.hr\/index.php\/wp-json\/wp\/v2\/types\/post"}],"author":[{"embeddable":true,"href":"https:\/\/prva.hr\/index.php\/wp-json\/wp\/v2\/users\/6"}],"replies":[{"embeddable":true,"href":"https:\/\/prva.hr\/index.php\/wp-json\/wp\/v2\/comments?post=16620"}],"version-history":[{"count":10,"href":"https:\/\/prva.hr\/index.php\/wp-json\/wp\/v2\/posts\/16620\/revisions"}],"predecessor-version":[{"id":16676,"href":"https:\/\/prva.hr\/index.php\/wp-json\/wp\/v2\/posts\/16620\/revisions\/16676"}],"wp:featuredmedia":[{"embeddable":true,"href":"https:\/\/prva.hr\/index.php\/wp-json\/wp\/v2\/media\/16624"}],"wp:attachment":[{"href":"https:\/\/prva.hr\/index.php\/wp-json\/wp\/v2\/media?parent=16620"}],"wp:term":[{"taxonomy":"category","embeddable":true,"href":"https:\/\/prva.hr\/index.php\/wp-json\/wp\/v2\/categories?post=16620"},{"taxonomy":"post_tag","embeddable":true,"href":"https:\/\/prva.hr\/index.php\/wp-json\/wp\/v2\/tags?post=16620"}],"curies":[{"name":"wp","href":"https:\/\/api.w.org\/{rel}","templated":true}]}}