{"id":16906,"date":"2024-03-11T11:36:42","date_gmt":"2024-03-11T10:36:42","guid":{"rendered":"https:\/\/www.prva.hr\/?p=16906"},"modified":"2024-03-11T12:32:46","modified_gmt":"2024-03-11T11:32:46","slug":"ucenici-ice-prve-na-koncertu-saksofonista-u-lisinskom","status":"publish","type":"post","link":"https:\/\/prva.hr\/index.php\/2024\/03\/11\/ucenici-ice-prve-na-koncertu-saksofonista-u-lisinskom\/","title":{"rendered":"U\u010denici\/ice Prve na koncertu saksofonista u Lisinskom"},"content":{"rendered":"\n<p>U srijedu <strong>6. 3. 2024. <\/strong>u\u010denice i u\u010denici 1. a, 1. b, 1. e i 1. f, u pratnji profesorice glazbene umjetnosti Kristine Vladu\u0161i\u0107, razrednice 1.a prof. Maje \u010cubrani\u0107 i  \u0161kolske psihologinje Vlaste Luka\u010devi\u0107 , posjetili  su koncert saksofonista Nikole Smetka i Svena Crnkovi\u0107a te tako upoznali glazbu u autenti\u010dnom okru\u017eju.&nbsp;<\/p>\n\n\n\n<p>Koncert je odr\u017ean u sklopu&nbsp; ciklusa \u201eMladi za mlade\u201c u organizaciji Hrvatske glazbene mlade\u017ei u Maloj dvorani Lisinski.<\/p>\n\n\n\n<p>Ciklus utemeljen 1992. godine u suradnji s renomiranim institucijama, predstavlja mladoj publici izvo\u0111a\u010de njihove generacije, a mladim glazbenicima pru\u017ea priliku da osvajaju i stje\u010du svoju publiku, pritom promoviraju\u0107i najbolje mlade glazbenike, dobitnike raznih nagrada ili pobjednike i laureate natjecanja.<\/p>\n\n\n\n<figure class=\"wp-block-image size-large is-resized\"><img decoding=\"async\" data-src=\"https:\/\/www.prva.hr\/wp-content\/uploads\/2024\/03\/foto-sax1-1024x768.jpg\" alt=\"\" class=\"wp-image-16909 lazyload\" width=\"376\" height=\"282\" data-srcset=\"https:\/\/prva.hr\/wp-content\/uploads\/2024\/03\/foto-sax1-1024x768.jpg 1024w, https:\/\/prva.hr\/wp-content\/uploads\/2024\/03\/foto-sax1-300x225.jpg 300w, https:\/\/prva.hr\/wp-content\/uploads\/2024\/03\/foto-sax1-768x576.jpg 768w, https:\/\/prva.hr\/wp-content\/uploads\/2024\/03\/foto-sax1-400x300.jpg 400w, https:\/\/prva.hr\/wp-content\/uploads\/2024\/03\/foto-sax1.jpg 1440w\" data-sizes=\"(max-width: 376px) 100vw, 376px\" src=\"data:image\/svg+xml;base64,PHN2ZyB3aWR0aD0iMSIgaGVpZ2h0PSIxIiB4bWxucz0iaHR0cDovL3d3dy53My5vcmcvMjAwMC9zdmciPjwvc3ZnPg==\" style=\"--smush-placeholder-width: 376px; --smush-placeholder-aspect-ratio: 376\/282;\" \/><\/figure>\n\n\n\n<p><\/p>\n","protected":false},"excerpt":{"rendered":"<p>U srijedu 6. 3. 2024. u\u010denice i u\u010denici 1. a, 1. b, 1. e i 1. f, u pratnji profesorice glazbene umjetnosti Kristine Vladu\u0161i\u0107, razrednice 1.a prof. Maje \u010cubrani\u0107 i \u0161kolske psihologinje Vlaste Luka\u010devi\u0107 , posjetili su koncert saksofonista Nikole Smetka i Svena Crnkovi\u0107a te tako upoznali glazbu u autenti\u010dnom okru\u017eju.&nbsp; Koncert je odr\u017ean u [&hellip;]<\/p>\n","protected":false},"author":6,"featured_media":16936,"comment_status":"closed","ping_status":"0","sticky":false,"template":"","format":"standard","meta":{"_et_pb_use_builder":"","_et_pb_old_content":"","_et_gb_content_width":"","footnotes":""},"categories":[5,6,14],"tags":[],"class_list":["post-16906","post","type-post","status-publish","format-standard","has-post-thumbnail","hentry","category-aktivnosti","category-aktualna-dogadanja","category-dogadanja-izvan-skole"],"_links":{"self":[{"href":"https:\/\/prva.hr\/index.php\/wp-json\/wp\/v2\/posts\/16906","targetHints":{"allow":["GET"]}}],"collection":[{"href":"https:\/\/prva.hr\/index.php\/wp-json\/wp\/v2\/posts"}],"about":[{"href":"https:\/\/prva.hr\/index.php\/wp-json\/wp\/v2\/types\/post"}],"author":[{"embeddable":true,"href":"https:\/\/prva.hr\/index.php\/wp-json\/wp\/v2\/users\/6"}],"replies":[{"embeddable":true,"href":"https:\/\/prva.hr\/index.php\/wp-json\/wp\/v2\/comments?post=16906"}],"version-history":[{"count":4,"href":"https:\/\/prva.hr\/index.php\/wp-json\/wp\/v2\/posts\/16906\/revisions"}],"predecessor-version":[{"id":16919,"href":"https:\/\/prva.hr\/index.php\/wp-json\/wp\/v2\/posts\/16906\/revisions\/16919"}],"wp:featuredmedia":[{"embeddable":true,"href":"https:\/\/prva.hr\/index.php\/wp-json\/wp\/v2\/media\/16936"}],"wp:attachment":[{"href":"https:\/\/prva.hr\/index.php\/wp-json\/wp\/v2\/media?parent=16906"}],"wp:term":[{"taxonomy":"category","embeddable":true,"href":"https:\/\/prva.hr\/index.php\/wp-json\/wp\/v2\/categories?post=16906"},{"taxonomy":"post_tag","embeddable":true,"href":"https:\/\/prva.hr\/index.php\/wp-json\/wp\/v2\/tags?post=16906"}],"curies":[{"name":"wp","href":"https:\/\/api.w.org\/{rel}","templated":true}]}}