{"id":1694,"date":"2016-02-22T07:28:33","date_gmt":"2016-02-22T06:28:33","guid":{"rendered":"http:\/\/www.prva.hr\/?p=1694"},"modified":"2017-09-18T07:59:51","modified_gmt":"2017-09-18T05:59:51","slug":"odluka-o-imenovanju-strucnjaka-zastite-na-radu","status":"publish","type":"post","link":"https:\/\/prva.hr\/index.php\/2016\/02\/22\/odluka-o-imenovanju-strucnjaka-zastite-na-radu\/","title":{"rendered":"Odluka o imenovanju stru\u010dnjaka za\u0161tite na radu"},"content":{"rendered":"<p>&nbsp;<\/p>\n<div>\n<p>Odluku o izmjeni \u010dlana Odbora za\u0161tite na radu\u00a0mo\u017eete pogledati\u00a0<a href=\"http:\/\/www.prva.hr\/images\/pdf\/odluka%20o%20izmjeni%20clana%20odbora%20zastite%20na%20radu.pdf\" target=\"_blank\" rel=\"noopener noreferrer\">ovdje<\/a><\/p>\n<p>Odluku o imenovanju stru\u010dnjaka za\u0161tite na radu mo\u017eete pogledati\u00a0<a href=\"http:\/\/www.prva.hr\/images\/pdf\/ODLUKA%20O%20IMENOVANJU%20STRUCNJAKA%20ZASTITE%20NA%20RADU.pdf\" target=\"_blank\" rel=\"noopener noreferrer\">ovdje<\/a><\/p>\n<\/div>\n","protected":false},"excerpt":{"rendered":"<p>&nbsp; Odluku o izmjeni \u010dlana Odbora za\u0161tite na radu\u00a0mo\u017eete pogledati\u00a0ovdje Odluku o imenovanju stru\u010dnjaka za\u0161tite na radu mo\u017eete pogledati\u00a0ovdje<\/p>\n","protected":false},"author":1,"featured_media":0,"comment_status":"closed","ping_status":"closed","sticky":false,"template":"","format":"standard","meta":{"_et_pb_use_builder":"","_et_pb_old_content":"","_et_gb_content_width":"","footnotes":""},"categories":[36],"tags":[],"class_list":["post-1694","post","type-post","status-publish","format-standard","hentry","category-sluzbeni-dio-akti-skole"],"_links":{"self":[{"href":"https:\/\/prva.hr\/index.php\/wp-json\/wp\/v2\/posts\/1694","targetHints":{"allow":["GET"]}}],"collection":[{"href":"https:\/\/prva.hr\/index.php\/wp-json\/wp\/v2\/posts"}],"about":[{"href":"https:\/\/prva.hr\/index.php\/wp-json\/wp\/v2\/types\/post"}],"author":[{"embeddable":true,"href":"https:\/\/prva.hr\/index.php\/wp-json\/wp\/v2\/users\/1"}],"replies":[{"embeddable":true,"href":"https:\/\/prva.hr\/index.php\/wp-json\/wp\/v2\/comments?post=1694"}],"version-history":[{"count":2,"href":"https:\/\/prva.hr\/index.php\/wp-json\/wp\/v2\/posts\/1694\/revisions"}],"predecessor-version":[{"id":1696,"href":"https:\/\/prva.hr\/index.php\/wp-json\/wp\/v2\/posts\/1694\/revisions\/1696"}],"wp:attachment":[{"href":"https:\/\/prva.hr\/index.php\/wp-json\/wp\/v2\/media?parent=1694"}],"wp:term":[{"taxonomy":"category","embeddable":true,"href":"https:\/\/prva.hr\/index.php\/wp-json\/wp\/v2\/categories?post=1694"},{"taxonomy":"post_tag","embeddable":true,"href":"https:\/\/prva.hr\/index.php\/wp-json\/wp\/v2\/tags?post=1694"}],"curies":[{"name":"wp","href":"https:\/\/api.w.org\/{rel}","templated":true}]}}