{"id":16972,"date":"2024-03-14T14:08:51","date_gmt":"2024-03-14T13:08:51","guid":{"rendered":"https:\/\/www.prva.hr\/?p=16972"},"modified":"2024-03-14T14:21:28","modified_gmt":"2024-03-14T13:21:28","slug":"dodjela-nagrade-professor-balthazar","status":"publish","type":"post","link":"https:\/\/prva.hr\/index.php\/2024\/03\/14\/dodjela-nagrade-professor-balthazar\/","title":{"rendered":"Dodjela\u00a0nagrada \u201cProfessor Balthazar\u201d"},"content":{"rendered":"\n<p>U utorak, 12. o\u017eujka u Koncertnoj dvorani Vatroslav Lisinski odr\u017eana je dodjela&nbsp;nagrade \u201cProfessor Balthazar\u201d. Nagradu \u201eProfessor Balthazar\u201c Grad Zagreb dodjeljuje kao priznanje u\u010denicima zagreba\u010dkih osnovnih i srednjih \u0161kola koji su na dr\u017eavnim natjecanjima u znanju, strukovnim vje\u0161tinama, glazbi i plesu protekle \u0161kolske godine osvojili prvo, drugo ili tre\u0107e mjesto. Uz u\u010denike, nagrada se uru\u010duje i njihovim mentorima koji tako\u0111er imaju zasluge u uspjehu.&nbsp;<\/p>\n\n\n\n<p>I. gimnazija istaknula se kao \u010detvrta srednja \u0161kola, a prva op\u0107a gimnazija s najve\u0107im brojem nagra\u0111enih u\u010denika i njihovih mentora koji su ostvarili izvrsne rezultate na dr\u017eavnim&nbsp;natjecanjima.&nbsp;<\/p>\n\n\n\n<p>Nagrade su dobili sljede\u0107i u\u010denici:<\/p>\n\n\n\n<p>&#8211; u\u010denik Daniel Mar\u010dinko (3. c), mentor prof. Andrija Lovri\u0107 &#8211; 1. mjesto na dr\u017eavnom Natjecanju iz povijesti<\/p>\n\n\n\n<p>&#8211; pro\u0161logodi\u0161nja maturantica Ema Babi\u0107, mentorica prof. Petra Polan\u010dec &#8211; 2. mjesto na dr\u017eavnom Natjecanju iz \u0161panjolskog jezika<\/p>\n\n\n\n<p>&#8211; u\u010denice Marta Rimac (4. b), Marta Predrijevac (4. b), Tia Tur\u010din (4. d) i Karolina Julari\u0107 (4. e), mentorica prof. Barbara Ka\u010dar &#8211; 2. mjesto na dr\u017eavnom Natjecanju iz vjeronauka<\/p>\n\n\n\n<p>&#8211; Djevoja\u010dki zbor I. gimnazije, mentorica prof. Kristina Vladu\u0161i\u0107 &#8211;&nbsp;&nbsp;3. mjesto i Srebrna plaketa na 66. Glazbenim sve\u010danostima hrvatske mlade\u017ei<\/p>\n\n\n\n<p>&#8211; pro\u0161logodi\u0161nji maturant Filip Vu\u010di\u0107, mentor prof. Alen Su\u0107eska &#8211; 3. mjesto na dr\u017eavnom Natjecanju iz logike.<\/p>\n\n\n\n<p><\/p>\n\n\n\n<p class=\"has-text-align-center\">\u010cestitke svim u\u010denicima i njihovim mentorima na dobivenoj nagradi!<\/p>\n\n\n\n<p><\/p>\n\n\n\n<figure class=\"wp-block-gallery has-nested-images columns-default is-cropped wp-block-gallery-1 is-layout-flex wp-block-gallery-is-layout-flex\">\n<figure class=\"wp-block-image size-large\"><img decoding=\"async\" width=\"1024\" height=\"768\" data-id=\"16975\" data-src=\"https:\/\/www.prva.hr\/wp-content\/uploads\/2024\/03\/WhatsApp-Slika-2024-03-14-u-12.44.38_c5568efd-1024x768.jpg\" alt=\"\" class=\"wp-image-16975 lazyload\" data-srcset=\"https:\/\/prva.hr\/wp-content\/uploads\/2024\/03\/WhatsApp-Slika-2024-03-14-u-12.44.38_c5568efd-1024x768.jpg 1024w, https:\/\/prva.hr\/wp-content\/uploads\/2024\/03\/WhatsApp-Slika-2024-03-14-u-12.44.38_c5568efd-300x225.jpg 300w, https:\/\/prva.hr\/wp-content\/uploads\/2024\/03\/WhatsApp-Slika-2024-03-14-u-12.44.38_c5568efd-768x576.jpg 768w, https:\/\/prva.hr\/wp-content\/uploads\/2024\/03\/WhatsApp-Slika-2024-03-14-u-12.44.38_c5568efd-1536x1152.jpg 1536w, https:\/\/prva.hr\/wp-content\/uploads\/2024\/03\/WhatsApp-Slika-2024-03-14-u-12.44.38_c5568efd-400x300.jpg 400w, https:\/\/prva.hr\/wp-content\/uploads\/2024\/03\/WhatsApp-Slika-2024-03-14-u-12.44.38_c5568efd.jpg 1600w\" data-sizes=\"(max-width: 1024px) 100vw, 1024px\" src=\"data:image\/svg+xml;base64,PHN2ZyB3aWR0aD0iMSIgaGVpZ2h0PSIxIiB4bWxucz0iaHR0cDovL3d3dy53My5vcmcvMjAwMC9zdmciPjwvc3ZnPg==\" style=\"--smush-placeholder-width: 1024px; --smush-placeholder-aspect-ratio: 1024\/768;\" \/><\/figure>\n\n\n\n<figure class=\"wp-block-image size-large\"><img decoding=\"async\" width=\"1024\" height=\"768\" data-id=\"16974\" data-src=\"https:\/\/www.prva.hr\/wp-content\/uploads\/2024\/03\/WhatsApp-Slika-2024-03-14-u-12.45.52_09239fe1-1024x768.jpg\" alt=\"\" class=\"wp-image-16974 lazyload\" data-srcset=\"https:\/\/prva.hr\/wp-content\/uploads\/2024\/03\/WhatsApp-Slika-2024-03-14-u-12.45.52_09239fe1-1024x768.jpg 1024w, https:\/\/prva.hr\/wp-content\/uploads\/2024\/03\/WhatsApp-Slika-2024-03-14-u-12.45.52_09239fe1-300x225.jpg 300w, https:\/\/prva.hr\/wp-content\/uploads\/2024\/03\/WhatsApp-Slika-2024-03-14-u-12.45.52_09239fe1-768x576.jpg 768w, https:\/\/prva.hr\/wp-content\/uploads\/2024\/03\/WhatsApp-Slika-2024-03-14-u-12.45.52_09239fe1-1536x1152.jpg 1536w, https:\/\/prva.hr\/wp-content\/uploads\/2024\/03\/WhatsApp-Slika-2024-03-14-u-12.45.52_09239fe1-400x300.jpg 400w, https:\/\/prva.hr\/wp-content\/uploads\/2024\/03\/WhatsApp-Slika-2024-03-14-u-12.45.52_09239fe1.jpg 2040w\" data-sizes=\"(max-width: 1024px) 100vw, 1024px\" src=\"data:image\/svg+xml;base64,PHN2ZyB3aWR0aD0iMSIgaGVpZ2h0PSIxIiB4bWxucz0iaHR0cDovL3d3dy53My5vcmcvMjAwMC9zdmciPjwvc3ZnPg==\" style=\"--smush-placeholder-width: 1024px; --smush-placeholder-aspect-ratio: 1024\/768;\" \/><\/figure>\n\n\n\n<figure class=\"wp-block-image size-large\"><img decoding=\"async\" width=\"768\" height=\"1024\" data-id=\"16977\" data-src=\"https:\/\/www.prva.hr\/wp-content\/uploads\/2024\/03\/WhatsApp-Slika-2024-03-14-u-14.07.08_25164b33-768x1024.jpg\" alt=\"\" class=\"wp-image-16977 lazyload\" data-srcset=\"https:\/\/prva.hr\/wp-content\/uploads\/2024\/03\/WhatsApp-Slika-2024-03-14-u-14.07.08_25164b33-768x1024.jpg 768w, https:\/\/prva.hr\/wp-content\/uploads\/2024\/03\/WhatsApp-Slika-2024-03-14-u-14.07.08_25164b33-225x300.jpg 225w, https:\/\/prva.hr\/wp-content\/uploads\/2024\/03\/WhatsApp-Slika-2024-03-14-u-14.07.08_25164b33-1152x1536.jpg 1152w, https:\/\/prva.hr\/wp-content\/uploads\/2024\/03\/WhatsApp-Slika-2024-03-14-u-14.07.08_25164b33.jpg 1530w\" data-sizes=\"(max-width: 768px) 100vw, 768px\" src=\"data:image\/svg+xml;base64,PHN2ZyB3aWR0aD0iMSIgaGVpZ2h0PSIxIiB4bWxucz0iaHR0cDovL3d3dy53My5vcmcvMjAwMC9zdmciPjwvc3ZnPg==\" style=\"--smush-placeholder-width: 768px; --smush-placeholder-aspect-ratio: 768\/1024;\" \/><\/figure>\n\n\n\n<figure class=\"wp-block-image size-large\"><img decoding=\"async\" width=\"1024\" height=\"768\" data-id=\"16973\" data-src=\"https:\/\/www.prva.hr\/wp-content\/uploads\/2024\/03\/WhatsApp-Slika-2024-03-14-u-12.44.38_10cd6213-1024x768.jpg\" alt=\"\" class=\"wp-image-16973 lazyload\" data-srcset=\"https:\/\/prva.hr\/wp-content\/uploads\/2024\/03\/WhatsApp-Slika-2024-03-14-u-12.44.38_10cd6213-1024x768.jpg 1024w, https:\/\/prva.hr\/wp-content\/uploads\/2024\/03\/WhatsApp-Slika-2024-03-14-u-12.44.38_10cd6213-300x225.jpg 300w, https:\/\/prva.hr\/wp-content\/uploads\/2024\/03\/WhatsApp-Slika-2024-03-14-u-12.44.38_10cd6213-768x576.jpg 768w, https:\/\/prva.hr\/wp-content\/uploads\/2024\/03\/WhatsApp-Slika-2024-03-14-u-12.44.38_10cd6213-1536x1152.jpg 1536w, https:\/\/prva.hr\/wp-content\/uploads\/2024\/03\/WhatsApp-Slika-2024-03-14-u-12.44.38_10cd6213-400x300.jpg 400w, https:\/\/prva.hr\/wp-content\/uploads\/2024\/03\/WhatsApp-Slika-2024-03-14-u-12.44.38_10cd6213.jpg 1600w\" data-sizes=\"(max-width: 1024px) 100vw, 1024px\" src=\"data:image\/svg+xml;base64,PHN2ZyB3aWR0aD0iMSIgaGVpZ2h0PSIxIiB4bWxucz0iaHR0cDovL3d3dy53My5vcmcvMjAwMC9zdmciPjwvc3ZnPg==\" style=\"--smush-placeholder-width: 1024px; --smush-placeholder-aspect-ratio: 1024\/768;\" \/><\/figure>\n<\/figure>\n","protected":false},"excerpt":{"rendered":"<p>U utorak, 12. o\u017eujka u Koncertnoj dvorani Vatroslav Lisinski odr\u017eana je dodjela&nbsp;nagrade \u201cProfessor Balthazar\u201d. Nagradu \u201eProfessor Balthazar\u201c Grad Zagreb dodjeljuje kao priznanje u\u010denicima zagreba\u010dkih osnovnih i srednjih \u0161kola koji su na dr\u017eavnim natjecanjima u znanju, strukovnim vje\u0161tinama, glazbi i plesu protekle \u0161kolske godine osvojili prvo, drugo ili tre\u0107e mjesto. Uz u\u010denike, nagrada se uru\u010duje i [&hellip;]<\/p>\n","protected":false},"author":7,"featured_media":16976,"comment_status":"closed","ping_status":"0","sticky":false,"template":"","format":"standard","meta":{"_et_pb_use_builder":"","_et_pb_old_content":"","_et_gb_content_width":"","footnotes":""},"categories":[4,1],"tags":[],"class_list":["post-16972","post","type-post","status-publish","format-standard","has-post-thumbnail","hentry","category-najnovije-vijesti","category-nekategorizirano"],"_links":{"self":[{"href":"https:\/\/prva.hr\/index.php\/wp-json\/wp\/v2\/posts\/16972","targetHints":{"allow":["GET"]}}],"collection":[{"href":"https:\/\/prva.hr\/index.php\/wp-json\/wp\/v2\/posts"}],"about":[{"href":"https:\/\/prva.hr\/index.php\/wp-json\/wp\/v2\/types\/post"}],"author":[{"embeddable":true,"href":"https:\/\/prva.hr\/index.php\/wp-json\/wp\/v2\/users\/7"}],"replies":[{"embeddable":true,"href":"https:\/\/prva.hr\/index.php\/wp-json\/wp\/v2\/comments?post=16972"}],"version-history":[{"count":3,"href":"https:\/\/prva.hr\/index.php\/wp-json\/wp\/v2\/posts\/16972\/revisions"}],"predecessor-version":[{"id":16980,"href":"https:\/\/prva.hr\/index.php\/wp-json\/wp\/v2\/posts\/16972\/revisions\/16980"}],"wp:featuredmedia":[{"embeddable":true,"href":"https:\/\/prva.hr\/index.php\/wp-json\/wp\/v2\/media\/16976"}],"wp:attachment":[{"href":"https:\/\/prva.hr\/index.php\/wp-json\/wp\/v2\/media?parent=16972"}],"wp:term":[{"taxonomy":"category","embeddable":true,"href":"https:\/\/prva.hr\/index.php\/wp-json\/wp\/v2\/categories?post=16972"},{"taxonomy":"post_tag","embeddable":true,"href":"https:\/\/prva.hr\/index.php\/wp-json\/wp\/v2\/tags?post=16972"}],"curies":[{"name":"wp","href":"https:\/\/api.w.org\/{rel}","templated":true}]}}