{"id":1701,"date":"2019-02-15T08:56:21","date_gmt":"2019-02-15T07:56:21","guid":{"rendered":"http:\/\/www.prva.hr\/?p=1701"},"modified":"2019-04-05T08:16:41","modified_gmt":"2019-04-05T06:16:41","slug":"izvjestaji-proracuna-proracunskih-i-izvanracunskih-korisnika","status":"publish","type":"post","link":"https:\/\/prva.hr\/index.php\/2019\/02\/15\/izvjestaji-proracuna-proracunskih-i-izvanracunskih-korisnika\/","title":{"rendered":"Izvje\u0161taji prora\u010duna, prora\u010dunskih i izvanra\u010dunskih korisnika"},"content":{"rendered":"<p>Izvje\u0161taj za 2018. godinu mo\u017eete pogledati <a href=\"https:\/\/www.prva.hr\/wp-content\/uploads\/2015\/03\/Financijsko-izvje\u0161\u0107e-2018.xls\">ovdje.<\/a><\/p>\n<p>Bilje\u0161ke uz Financijsko izvje\u0161\u0107e za razdoblje od 1.sije\u010dnja do 31.prosinca 2018. godine mo\u017eete pro\u010ditati <a href=\"https:\/\/www.prva.hr\/wp-content\/uploads\/2019\/02\/Bilje\u0161ke-2018.docx\">ovdje<\/a><\/p>\n<p>Izvje\u0161taj za 2017. godinu mo\u017eete pogledati <a href=\"http:\/\/www.prva.hr\/wp-content\/uploads\/2015\/03\/FINANCIJSKO-IZVJE\u0160\u0106E-2017.g.-1.xls\">ovdje.<\/a><\/p>\n<p>Izvje\u0161taj za 2016. godinu mo\u017eete pogledati\u00a0<a href=\"http:\/\/www.prva.hr\/images\/pdf\/21-114-501-19781-FI.xls\" target=\"_blank\" rel=\"noopener noreferrer\">ovdje.<\/a><\/p>\n<p>Izvje\u0161taj za 2015. godinu mo\u017eete pogledati\u00a0<a href=\"http:\/\/www.prva.hr\/images\/pdf\/za%20WEB%2021-114-501-19781-FI.pdf\" target=\"_blank\" rel=\"noopener noreferrer\">ovdje.<\/a><\/p>\n<p>Izvje\u0161taj za 2014. godinu mo\u017eete pogledati\u00a0<a href=\"http:\/\/www.prva.hr\/images\/pdf\/Izvjestaji%20proracuna,%20proracunskih%20i%20izvanracunskih%20korisnika.xls\" target=\"_blank\" rel=\"noopener noreferrer\">ovdje.<\/a><\/p>\n","protected":false},"excerpt":{"rendered":"<p>Izvje\u0161taj za 2018. godinu mo\u017eete pogledati ovdje. Bilje\u0161ke uz Financijsko izvje\u0161\u0107e za razdoblje od 1.sije\u010dnja do 31.prosinca 2018. godine mo\u017eete pro\u010ditati ovdje Izvje\u0161taj za 2017. godinu mo\u017eete pogledati ovdje. Izvje\u0161taj za 2016. godinu mo\u017eete pogledati\u00a0ovdje. Izvje\u0161taj za 2015. godinu mo\u017eete pogledati\u00a0ovdje. Izvje\u0161taj za 2014. godinu mo\u017eete pogledati\u00a0ovdje.<\/p>\n","protected":false},"author":1,"featured_media":0,"comment_status":"closed","ping_status":"closed","sticky":false,"template":"","format":"standard","meta":{"_et_pb_use_builder":"","_et_pb_old_content":"","_et_gb_content_width":"","footnotes":""},"categories":[36],"tags":[],"class_list":["post-1701","post","type-post","status-publish","format-standard","hentry","category-sluzbeni-dio-akti-skole"],"_links":{"self":[{"href":"https:\/\/prva.hr\/index.php\/wp-json\/wp\/v2\/posts\/1701","targetHints":{"allow":["GET"]}}],"collection":[{"href":"https:\/\/prva.hr\/index.php\/wp-json\/wp\/v2\/posts"}],"about":[{"href":"https:\/\/prva.hr\/index.php\/wp-json\/wp\/v2\/types\/post"}],"author":[{"embeddable":true,"href":"https:\/\/prva.hr\/index.php\/wp-json\/wp\/v2\/users\/1"}],"replies":[{"embeddable":true,"href":"https:\/\/prva.hr\/index.php\/wp-json\/wp\/v2\/comments?post=1701"}],"version-history":[{"count":7,"href":"https:\/\/prva.hr\/index.php\/wp-json\/wp\/v2\/posts\/1701\/revisions"}],"predecessor-version":[{"id":4873,"href":"https:\/\/prva.hr\/index.php\/wp-json\/wp\/v2\/posts\/1701\/revisions\/4873"}],"wp:attachment":[{"href":"https:\/\/prva.hr\/index.php\/wp-json\/wp\/v2\/media?parent=1701"}],"wp:term":[{"taxonomy":"category","embeddable":true,"href":"https:\/\/prva.hr\/index.php\/wp-json\/wp\/v2\/categories?post=1701"},{"taxonomy":"post_tag","embeddable":true,"href":"https:\/\/prva.hr\/index.php\/wp-json\/wp\/v2\/tags?post=1701"}],"curies":[{"name":"wp","href":"https:\/\/api.w.org\/{rel}","templated":true}]}}