{"id":17033,"date":"2024-03-20T16:04:32","date_gmt":"2024-03-20T15:04:32","guid":{"rendered":"https:\/\/www.prva.hr\/?p=17033"},"modified":"2024-03-20T16:04:38","modified_gmt":"2024-03-20T15:04:38","slug":"nasi-maturanti-ice-na-koncertu-cantus-ansambla-u-lisinskom","status":"publish","type":"post","link":"https:\/\/prva.hr\/index.php\/2024\/03\/20\/nasi-maturanti-ice-na-koncertu-cantus-ansambla-u-lisinskom\/","title":{"rendered":"Na\u0161i maturanti\/ice na koncertu Cantus ansambla u Lisinskom"},"content":{"rendered":"\n<p>U ponedjeljak, <strong>18. o\u017eujka 2024.<\/strong> u\u010denici 4. c razreda, kao dio projekta @Behind the scenes Hrvatskog dru\u0161tva skladatelja, pod vodstvom prof. K. Vladu\u0161i\u0107 i u pratnji stru\u010dne suradnice psihologinja V. Luka\u010devi\u0107 i prof. B. Ka\u010dar, posjetili su Koncertnu dvoranu Vatroslav Lisinski. <\/p>\n\n\n\n<p>Prisustvovali su <strong>koncertu\u00a0&#8220;Neverending\u00a0story&#8221; Cantus Ansambla<\/strong>. Na programu su bila djela klasika avangarde Pierrea Bouleza, Arnolda\u00a0Sch\u00f6nberga, Luigija Nonoa\u00a0i novo djelo mladog skladatelja Nevena Resnika kojeg su u\u010denici\/ice imali priliku upoznati prije koncerta. Program su na\u0161im maturantima predstavili dirigent Ivan Josip Skender, umjetni\u010dki ravnatelj Berislav \u0160ipu\u0161 i solistica Ana Batinica.\u00a0<\/p>\n\n\n\n<figure class=\"wp-block-image size-large\"><img decoding=\"async\" width=\"1024\" height=\"537\" data-src=\"https:\/\/www.prva.hr\/wp-content\/uploads\/2024\/03\/cantus-1024x537.jpg\" alt=\"\" class=\"wp-image-17037 lazyload\" data-srcset=\"https:\/\/prva.hr\/wp-content\/uploads\/2024\/03\/cantus-1024x537.jpg 1024w, https:\/\/prva.hr\/wp-content\/uploads\/2024\/03\/cantus-300x157.jpg 300w, https:\/\/prva.hr\/wp-content\/uploads\/2024\/03\/cantus-768x402.jpg 768w, https:\/\/prva.hr\/wp-content\/uploads\/2024\/03\/cantus-400x210.jpg 400w, https:\/\/prva.hr\/wp-content\/uploads\/2024\/03\/cantus.jpg 1080w\" data-sizes=\"(max-width: 1024px) 100vw, 1024px\" src=\"data:image\/svg+xml;base64,PHN2ZyB3aWR0aD0iMSIgaGVpZ2h0PSIxIiB4bWxucz0iaHR0cDovL3d3dy53My5vcmcvMjAwMC9zdmciPjwvc3ZnPg==\" style=\"--smush-placeholder-width: 1024px; --smush-placeholder-aspect-ratio: 1024\/537;\" \/><\/figure>\n\n\n\n<figure class=\"wp-block-image size-large\"><img decoding=\"async\" width=\"1024\" height=\"603\" data-src=\"https:\/\/www.prva.hr\/wp-content\/uploads\/2024\/03\/cantus4-1024x603.jpg\" alt=\"\" class=\"wp-image-17038 lazyload\" data-srcset=\"https:\/\/prva.hr\/wp-content\/uploads\/2024\/03\/cantus4-1024x603.jpg 1024w, https:\/\/prva.hr\/wp-content\/uploads\/2024\/03\/cantus4-300x177.jpg 300w, https:\/\/prva.hr\/wp-content\/uploads\/2024\/03\/cantus4-768x452.jpg 768w, https:\/\/prva.hr\/wp-content\/uploads\/2024\/03\/cantus4-1536x904.jpg 1536w, https:\/\/prva.hr\/wp-content\/uploads\/2024\/03\/cantus4-2048x1205.jpg 2048w, https:\/\/prva.hr\/wp-content\/uploads\/2024\/03\/cantus4-400x235.jpg 400w\" data-sizes=\"(max-width: 1024px) 100vw, 1024px\" src=\"data:image\/svg+xml;base64,PHN2ZyB3aWR0aD0iMSIgaGVpZ2h0PSIxIiB4bWxucz0iaHR0cDovL3d3dy53My5vcmcvMjAwMC9zdmciPjwvc3ZnPg==\" style=\"--smush-placeholder-width: 1024px; --smush-placeholder-aspect-ratio: 1024\/603;\" \/><\/figure>\n","protected":false},"excerpt":{"rendered":"<p>U ponedjeljak, 18. o\u017eujka 2024. u\u010denici 4. c razreda, kao dio projekta @Behind the scenes Hrvatskog dru\u0161tva skladatelja, pod vodstvom prof. K. Vladu\u0161i\u0107 i u pratnji stru\u010dne suradnice psihologinja V. Luka\u010devi\u0107 i prof. B. Ka\u010dar, posjetili su Koncertnu dvoranu Vatroslav Lisinski. Prisustvovali su koncertu\u00a0&#8220;Neverending\u00a0story&#8221; Cantus Ansambla. Na programu su bila djela klasika avangarde Pierrea Bouleza, [&hellip;]<\/p>\n","protected":false},"author":6,"featured_media":17036,"comment_status":"closed","ping_status":"0","sticky":false,"template":"","format":"standard","meta":{"_et_pb_use_builder":"","_et_pb_old_content":"","_et_gb_content_width":"","footnotes":""},"categories":[5,6,14],"tags":[],"class_list":["post-17033","post","type-post","status-publish","format-standard","has-post-thumbnail","hentry","category-aktivnosti","category-aktualna-dogadanja","category-dogadanja-izvan-skole"],"_links":{"self":[{"href":"https:\/\/prva.hr\/index.php\/wp-json\/wp\/v2\/posts\/17033","targetHints":{"allow":["GET"]}}],"collection":[{"href":"https:\/\/prva.hr\/index.php\/wp-json\/wp\/v2\/posts"}],"about":[{"href":"https:\/\/prva.hr\/index.php\/wp-json\/wp\/v2\/types\/post"}],"author":[{"embeddable":true,"href":"https:\/\/prva.hr\/index.php\/wp-json\/wp\/v2\/users\/6"}],"replies":[{"embeddable":true,"href":"https:\/\/prva.hr\/index.php\/wp-json\/wp\/v2\/comments?post=17033"}],"version-history":[{"count":4,"href":"https:\/\/prva.hr\/index.php\/wp-json\/wp\/v2\/posts\/17033\/revisions"}],"predecessor-version":[{"id":17040,"href":"https:\/\/prva.hr\/index.php\/wp-json\/wp\/v2\/posts\/17033\/revisions\/17040"}],"wp:featuredmedia":[{"embeddable":true,"href":"https:\/\/prva.hr\/index.php\/wp-json\/wp\/v2\/media\/17036"}],"wp:attachment":[{"href":"https:\/\/prva.hr\/index.php\/wp-json\/wp\/v2\/media?parent=17033"}],"wp:term":[{"taxonomy":"category","embeddable":true,"href":"https:\/\/prva.hr\/index.php\/wp-json\/wp\/v2\/categories?post=17033"},{"taxonomy":"post_tag","embeddable":true,"href":"https:\/\/prva.hr\/index.php\/wp-json\/wp\/v2\/tags?post=17033"}],"curies":[{"name":"wp","href":"https:\/\/api.w.org\/{rel}","templated":true}]}}