{"id":17043,"date":"2024-03-21T10:25:03","date_gmt":"2024-03-21T09:25:03","guid":{"rendered":"https:\/\/www.prva.hr\/?p=17043"},"modified":"2024-03-25T17:13:21","modified_gmt":"2024-03-25T16:13:21","slug":"stiglo-je-proljece","status":"publish","type":"post","link":"https:\/\/prva.hr\/index.php\/2024\/03\/21\/stiglo-je-proljece\/","title":{"rendered":"Stiglo je prolje\u0107e!"},"content":{"rendered":"\n<p>U\u017eivajte u cvjetnim motivima na\u0161eg \u0161kolskog okru\u017eenja o kojem brinu \u010dlanovi\/ice na\u0161eg Volonterskog kluba. Ve\u0107 pet godina zaredom, <strong>Volonterski klub I. gimnazije<\/strong> sudjeluje u Nacionalnoj kampanji &#8220;Dani kolektivne sadnje drve\u0107a&#8221;. U suradnji s kompanijama koje njeguju korporativno volonterstvo i daruju sadnice, tvrtka Valzor 2019.-2021., Ericsson 2022.  i  Decathlon 2023., pod stru\u010dnim vodstvom predsjednice udruge &#8220;Zasadi stablo, ne budi panj&#8221; A. M. Kramar, ure\u0111uju cvjetne gredice ispred glavnih ulaza i uljep\u0161avaju prilaz na\u0161oj \u0161koli.<\/p>\n\n\n\n<p>Time je zelena zona ispred I. gimnazije vidljiva u kartografskoj aplikaciji&nbsp;<strong>EduTree platforma&nbsp;<\/strong>na digitalnoj karti Hrvatske.<\/p>\n\n\n\n<figure class=\"wp-block-image size-large is-resized\"><img decoding=\"async\" data-src=\"https:\/\/www.prva.hr\/wp-content\/uploads\/2024\/03\/spring5-1-606x1024.jpg\" alt=\"\" class=\"wp-image-17047 lazyload\" width=\"290\" height=\"490\" data-srcset=\"https:\/\/prva.hr\/wp-content\/uploads\/2024\/03\/spring5-1-606x1024.jpg 606w, https:\/\/prva.hr\/wp-content\/uploads\/2024\/03\/spring5-1-178x300.jpg 178w, https:\/\/prva.hr\/wp-content\/uploads\/2024\/03\/spring5-1-768x1297.jpg 768w, https:\/\/prva.hr\/wp-content\/uploads\/2024\/03\/spring5-1-909x1536.jpg 909w, https:\/\/prva.hr\/wp-content\/uploads\/2024\/03\/spring5-1-1213x2048.jpg 1213w, https:\/\/prva.hr\/wp-content\/uploads\/2024\/03\/spring5-1-scaled.jpg 1516w\" data-sizes=\"(max-width: 290px) 100vw, 290px\" src=\"data:image\/svg+xml;base64,PHN2ZyB3aWR0aD0iMSIgaGVpZ2h0PSIxIiB4bWxucz0iaHR0cDovL3d3dy53My5vcmcvMjAwMC9zdmciPjwvc3ZnPg==\" style=\"--smush-placeholder-width: 290px; --smush-placeholder-aspect-ratio: 290\/490;\" \/><\/figure>\n\n\n\n<figure class=\"wp-block-image size-large is-resized\"><img decoding=\"async\" data-src=\"https:\/\/www.prva.hr\/wp-content\/uploads\/2024\/03\/spring2-1024x919.jpg\" alt=\"\" class=\"wp-image-17048 lazyload\" width=\"298\" height=\"266\" data-srcset=\"https:\/\/prva.hr\/wp-content\/uploads\/2024\/03\/spring2-1024x919.jpg 1024w, https:\/\/prva.hr\/wp-content\/uploads\/2024\/03\/spring2-300x269.jpg 300w, https:\/\/prva.hr\/wp-content\/uploads\/2024\/03\/spring2-768x689.jpg 768w, https:\/\/prva.hr\/wp-content\/uploads\/2024\/03\/spring2-1536x1378.jpg 1536w, https:\/\/prva.hr\/wp-content\/uploads\/2024\/03\/spring2-2048x1837.jpg 2048w\" data-sizes=\"(max-width: 298px) 100vw, 298px\" src=\"data:image\/svg+xml;base64,PHN2ZyB3aWR0aD0iMSIgaGVpZ2h0PSIxIiB4bWxucz0iaHR0cDovL3d3dy53My5vcmcvMjAwMC9zdmciPjwvc3ZnPg==\" style=\"--smush-placeholder-width: 298px; --smush-placeholder-aspect-ratio: 298\/266;\" \/><\/figure>\n\n\n\n<figure class=\"wp-block-image size-large is-resized\"><img decoding=\"async\" data-src=\"https:\/\/www.prva.hr\/wp-content\/uploads\/2024\/03\/spring1-768x1024.jpg\" alt=\"\" class=\"wp-image-17049 lazyload\" width=\"293\" height=\"391\" data-srcset=\"https:\/\/prva.hr\/wp-content\/uploads\/2024\/03\/spring1-768x1024.jpg 768w, https:\/\/prva.hr\/wp-content\/uploads\/2024\/03\/spring1-225x300.jpg 225w, https:\/\/prva.hr\/wp-content\/uploads\/2024\/03\/spring1-1152x1536.jpg 1152w, https:\/\/prva.hr\/wp-content\/uploads\/2024\/03\/spring1-1536x2048.jpg 1536w, https:\/\/prva.hr\/wp-content\/uploads\/2024\/03\/spring1-scaled.jpg 1920w\" data-sizes=\"(max-width: 293px) 100vw, 293px\" src=\"data:image\/svg+xml;base64,PHN2ZyB3aWR0aD0iMSIgaGVpZ2h0PSIxIiB4bWxucz0iaHR0cDovL3d3dy53My5vcmcvMjAwMC9zdmciPjwvc3ZnPg==\" style=\"--smush-placeholder-width: 293px; --smush-placeholder-aspect-ratio: 293\/391;\" \/><\/figure>\n","protected":false},"excerpt":{"rendered":"<p>U\u017eivajte u cvjetnim motivima na\u0161eg \u0161kolskog okru\u017eenja o kojem brinu \u010dlanovi\/ice na\u0161eg Volonterskog kluba. Ve\u0107 pet godina zaredom, Volonterski klub I. gimnazije sudjeluje u Nacionalnoj kampanji &#8220;Dani kolektivne sadnje drve\u0107a&#8221;. U suradnji s kompanijama koje njeguju korporativno volonterstvo i daruju sadnice, tvrtka Valzor 2019.-2021., Ericsson 2022. i Decathlon 2023., pod stru\u010dnim vodstvom predsjednice udruge &#8220;Zasadi [&hellip;]<\/p>\n","protected":false},"author":6,"featured_media":17046,"comment_status":"closed","ping_status":"0","sticky":false,"template":"","format":"standard","meta":{"_et_pb_use_builder":"","_et_pb_old_content":"","_et_gb_content_width":"","footnotes":""},"categories":[5,45,6],"tags":[],"class_list":["post-17043","post","type-post","status-publish","format-standard","has-post-thumbnail","hentry","category-aktivnosti","category-aktivnosti-izvannastavne-aktivnosti-volonterski-klub","category-aktualna-dogadanja"],"_links":{"self":[{"href":"https:\/\/prva.hr\/index.php\/wp-json\/wp\/v2\/posts\/17043","targetHints":{"allow":["GET"]}}],"collection":[{"href":"https:\/\/prva.hr\/index.php\/wp-json\/wp\/v2\/posts"}],"about":[{"href":"https:\/\/prva.hr\/index.php\/wp-json\/wp\/v2\/types\/post"}],"author":[{"embeddable":true,"href":"https:\/\/prva.hr\/index.php\/wp-json\/wp\/v2\/users\/6"}],"replies":[{"embeddable":true,"href":"https:\/\/prva.hr\/index.php\/wp-json\/wp\/v2\/comments?post=17043"}],"version-history":[{"count":5,"href":"https:\/\/prva.hr\/index.php\/wp-json\/wp\/v2\/posts\/17043\/revisions"}],"predecessor-version":[{"id":17080,"href":"https:\/\/prva.hr\/index.php\/wp-json\/wp\/v2\/posts\/17043\/revisions\/17080"}],"wp:featuredmedia":[{"embeddable":true,"href":"https:\/\/prva.hr\/index.php\/wp-json\/wp\/v2\/media\/17046"}],"wp:attachment":[{"href":"https:\/\/prva.hr\/index.php\/wp-json\/wp\/v2\/media?parent=17043"}],"wp:term":[{"taxonomy":"category","embeddable":true,"href":"https:\/\/prva.hr\/index.php\/wp-json\/wp\/v2\/categories?post=17043"},{"taxonomy":"post_tag","embeddable":true,"href":"https:\/\/prva.hr\/index.php\/wp-json\/wp\/v2\/tags?post=17043"}],"curies":[{"name":"wp","href":"https:\/\/api.w.org\/{rel}","templated":true}]}}