{"id":17088,"date":"2024-03-26T19:57:13","date_gmt":"2024-03-26T18:57:13","guid":{"rendered":"https:\/\/www.prva.hr\/?p=17088"},"modified":"2024-03-26T19:57:18","modified_gmt":"2024-03-26T18:57:18","slug":"prezentacija-volonterskog-kluba-prve-za-titusane","status":"publish","type":"post","link":"https:\/\/prva.hr\/index.php\/2024\/03\/26\/prezentacija-volonterskog-kluba-prve-za-titusane\/","title":{"rendered":"Prezentacija Volonterskog kluba Prve za Titu\u0161ane"},"content":{"rendered":"\n<p>U utorak <strong>26.3.2024.<\/strong> volonterke na\u0161eg Volonterskog kluba Elena Juki\u0107 (3.c), Mia Borovac (4.a) i Nives Mesi\u0107 (2.c) <strong>predstavile su model i program rada<\/strong> <strong>Volonterskog kluba I. gimnazije<\/strong> za grupu u\u010denika\/ica Gimnazije Titu\u0161a Brezova\u010dkog u sklopu njihovog projektnog dana na temu humanitarnog rada.<\/p>\n\n\n\n<p>\u0160kolska psihologinja Vlasta Luka\u010devi\u0107, koordinatorica Volonterskog kluba pripremila je prezentaciju o aktivnostima Volonterskog kluba kroz 17 godina djelovanja, a volonterke su slikovito opisale dojmove sa sudjelovanja na volonterskim akcijama poput akcije &#8220;Zasadi stablo, ne budi panj&#8221;, &#8220;72 sata bez kompromisa&#8221;, studijsko &#8211; edukativnog posjeta Osijeku  i azilu za napu\u0161tene \u017eivotinje te brojne druge.<\/p>\n\n\n\n<p>Najavile su akcije poput kampanje \u0160umoborci i akcije po\u0161umljavanja u travnju, akciju bojanja tribina na \u0161kolskom igrali\u0161tu u travnju te sudjelovanje na I. smotri Mirotvornih \u0161kola u Osijeku u svibnju.<\/p>\n\n\n\n<p>Tom prilikom, u\u010denici\/ice Gimnazije Titu\u0161 izrazili su interes i spremnost da nam se pridru\u017ee u nekim od \u0161kolskih volonterskih akcija.<\/p>\n\n\n\n<figure class=\"wp-block-image size-large\"><img decoding=\"async\" width=\"1024\" height=\"865\" data-src=\"https:\/\/www.prva.hr\/wp-content\/uploads\/2024\/03\/titus6-1024x865.jpg\" alt=\"\" class=\"wp-image-17097 lazyload\" data-srcset=\"https:\/\/prva.hr\/wp-content\/uploads\/2024\/03\/titus6-1024x865.jpg 1024w, https:\/\/prva.hr\/wp-content\/uploads\/2024\/03\/titus6-300x254.jpg 300w, https:\/\/prva.hr\/wp-content\/uploads\/2024\/03\/titus6-768x649.jpg 768w, https:\/\/prva.hr\/wp-content\/uploads\/2024\/03\/titus6-1536x1298.jpg 1536w, https:\/\/prva.hr\/wp-content\/uploads\/2024\/03\/titus6-355x300.jpg 355w, https:\/\/prva.hr\/wp-content\/uploads\/2024\/03\/titus6.jpg 1730w\" data-sizes=\"(max-width: 1024px) 100vw, 1024px\" src=\"data:image\/svg+xml;base64,PHN2ZyB3aWR0aD0iMSIgaGVpZ2h0PSIxIiB4bWxucz0iaHR0cDovL3d3dy53My5vcmcvMjAwMC9zdmciPjwvc3ZnPg==\" style=\"--smush-placeholder-width: 1024px; --smush-placeholder-aspect-ratio: 1024\/865;\" \/><\/figure>\n","protected":false},"excerpt":{"rendered":"<p>U utorak 26.3.2024. volonterke na\u0161eg Volonterskog kluba Elena Juki\u0107 (3.c), Mia Borovac (4.a) i Nives Mesi\u0107 (2.c) predstavile su model i program rada Volonterskog kluba I. gimnazije za grupu u\u010denika\/ica Gimnazije Titu\u0161a Brezova\u010dkog u sklopu njihovog projektnog dana na temu humanitarnog rada. \u0160kolska psihologinja Vlasta Luka\u010devi\u0107, koordinatorica Volonterskog kluba pripremila je prezentaciju o aktivnostima Volonterskog [&hellip;]<\/p>\n","protected":false},"author":6,"featured_media":17095,"comment_status":"closed","ping_status":"0","sticky":false,"template":"","format":"standard","meta":{"_et_pb_use_builder":"","_et_pb_old_content":"","_et_gb_content_width":"","footnotes":""},"categories":[5,45,6],"tags":[],"class_list":["post-17088","post","type-post","status-publish","format-standard","has-post-thumbnail","hentry","category-aktivnosti","category-aktivnosti-izvannastavne-aktivnosti-volonterski-klub","category-aktualna-dogadanja"],"_links":{"self":[{"href":"https:\/\/prva.hr\/index.php\/wp-json\/wp\/v2\/posts\/17088","targetHints":{"allow":["GET"]}}],"collection":[{"href":"https:\/\/prva.hr\/index.php\/wp-json\/wp\/v2\/posts"}],"about":[{"href":"https:\/\/prva.hr\/index.php\/wp-json\/wp\/v2\/types\/post"}],"author":[{"embeddable":true,"href":"https:\/\/prva.hr\/index.php\/wp-json\/wp\/v2\/users\/6"}],"replies":[{"embeddable":true,"href":"https:\/\/prva.hr\/index.php\/wp-json\/wp\/v2\/comments?post=17088"}],"version-history":[{"count":4,"href":"https:\/\/prva.hr\/index.php\/wp-json\/wp\/v2\/posts\/17088\/revisions"}],"predecessor-version":[{"id":17098,"href":"https:\/\/prva.hr\/index.php\/wp-json\/wp\/v2\/posts\/17088\/revisions\/17098"}],"wp:featuredmedia":[{"embeddable":true,"href":"https:\/\/prva.hr\/index.php\/wp-json\/wp\/v2\/media\/17095"}],"wp:attachment":[{"href":"https:\/\/prva.hr\/index.php\/wp-json\/wp\/v2\/media?parent=17088"}],"wp:term":[{"taxonomy":"category","embeddable":true,"href":"https:\/\/prva.hr\/index.php\/wp-json\/wp\/v2\/categories?post=17088"},{"taxonomy":"post_tag","embeddable":true,"href":"https:\/\/prva.hr\/index.php\/wp-json\/wp\/v2\/tags?post=17088"}],"curies":[{"name":"wp","href":"https:\/\/api.w.org\/{rel}","templated":true}]}}