{"id":17115,"date":"2024-03-29T11:46:44","date_gmt":"2024-03-29T10:46:44","guid":{"rendered":"https:\/\/www.prva.hr\/?p=17115"},"modified":"2024-03-29T11:51:57","modified_gmt":"2024-03-29T10:51:57","slug":"kap-dobrote-2024","status":"publish","type":"post","link":"https:\/\/prva.hr\/index.php\/2024\/03\/29\/kap-dobrote-2024\/","title":{"rendered":"KAP DOBROTE 2024."},"content":{"rendered":"\n<p>Hvala svima koji su\u2026 smi\u0161ljali, izra\u0111ivali, nabavljali, pomagali, brojali, kupovali, prodavali, pjevali, plesali, poduzimali, tra\u017eili donacije, donirali, predstavljali, slagali, pospremali, prezentirali, svirali, reklamirali, menad\u017eerirali, pekli, spremali, pr\u017eili, pakirali, nastupali, pozivali, vozili, nosili, pripremali, raspremali, nazivali, izvje\u0161tavali, ogla\u0161avali, fotografirali, poga\u0111ali, kreirali, motivirali\u2026 prikupljeno je 16.173,83\u20ac u Fond izvrsnosti i Fond solidarnosti. Bravo, I. gimnazijo!<\/p>\n\n\n\n<figure class=\"wp-block-gallery has-nested-images columns-default is-cropped wp-block-gallery-1 is-layout-flex wp-block-gallery-is-layout-flex\">\n<figure class=\"wp-block-image size-large\"><img decoding=\"async\" width=\"1024\" height=\"731\" data-id=\"17119\" data-src=\"https:\/\/www.prva.hr\/wp-content\/uploads\/2024\/03\/zagreb1-1024x731.jpg\" alt=\"\" class=\"wp-image-17119 lazyload\" data-srcset=\"https:\/\/prva.hr\/wp-content\/uploads\/2024\/03\/zagreb1-1024x731.jpg 1024w, https:\/\/prva.hr\/wp-content\/uploads\/2024\/03\/zagreb1-300x214.jpg 300w, https:\/\/prva.hr\/wp-content\/uploads\/2024\/03\/zagreb1-768x548.jpg 768w, https:\/\/prva.hr\/wp-content\/uploads\/2024\/03\/zagreb1-1536x1096.jpg 1536w, https:\/\/prva.hr\/wp-content\/uploads\/2024\/03\/zagreb1-2048x1461.jpg 2048w, https:\/\/prva.hr\/wp-content\/uploads\/2024\/03\/zagreb1-400x285.jpg 400w\" data-sizes=\"(max-width: 1024px) 100vw, 1024px\" src=\"data:image\/svg+xml;base64,PHN2ZyB3aWR0aD0iMSIgaGVpZ2h0PSIxIiB4bWxucz0iaHR0cDovL3d3dy53My5vcmcvMjAwMC9zdmciPjwvc3ZnPg==\" style=\"--smush-placeholder-width: 1024px; --smush-placeholder-aspect-ratio: 1024\/731;\" \/><\/figure>\n\n\n\n<figure class=\"wp-block-image size-large\"><img decoding=\"async\" width=\"1024\" height=\"731\" data-id=\"17120\" data-src=\"https:\/\/www.prva.hr\/wp-content\/uploads\/2024\/03\/zagreb-1024x731.jpg\" alt=\"\" class=\"wp-image-17120 lazyload\" data-srcset=\"https:\/\/prva.hr\/wp-content\/uploads\/2024\/03\/zagreb-1024x731.jpg 1024w, https:\/\/prva.hr\/wp-content\/uploads\/2024\/03\/zagreb-300x214.jpg 300w, https:\/\/prva.hr\/wp-content\/uploads\/2024\/03\/zagreb-768x548.jpg 768w, https:\/\/prva.hr\/wp-content\/uploads\/2024\/03\/zagreb-1536x1096.jpg 1536w, https:\/\/prva.hr\/wp-content\/uploads\/2024\/03\/zagreb-2048x1461.jpg 2048w, https:\/\/prva.hr\/wp-content\/uploads\/2024\/03\/zagreb-400x285.jpg 400w\" data-sizes=\"(max-width: 1024px) 100vw, 1024px\" src=\"data:image\/svg+xml;base64,PHN2ZyB3aWR0aD0iMSIgaGVpZ2h0PSIxIiB4bWxucz0iaHR0cDovL3d3dy53My5vcmcvMjAwMC9zdmciPjwvc3ZnPg==\" style=\"--smush-placeholder-width: 1024px; --smush-placeholder-aspect-ratio: 1024\/731;\" \/><\/figure>\n<\/figure>\n","protected":false},"excerpt":{"rendered":"<p>Hvala svima koji su\u2026 smi\u0161ljali, izra\u0111ivali, nabavljali, pomagali, brojali, kupovali, prodavali, pjevali, plesali, poduzimali, tra\u017eili donacije, donirali, predstavljali, slagali, pospremali, prezentirali, svirali, reklamirali, menad\u017eerirali, pekli, spremali, pr\u017eili, pakirali, nastupali, pozivali, vozili, nosili, pripremali, raspremali, nazivali, izvje\u0161tavali, ogla\u0161avali, fotografirali, poga\u0111ali, kreirali, motivirali\u2026 prikupljeno je 16.173,83\u20ac u Fond izvrsnosti i Fond solidarnosti. Bravo, I. gimnazijo!<\/p>\n","protected":false},"author":2,"featured_media":17120,"comment_status":"closed","ping_status":"0","sticky":false,"template":"","format":"standard","meta":{"_et_pb_use_builder":"","_et_pb_old_content":"","_et_gb_content_width":"","footnotes":""},"categories":[4],"tags":[],"class_list":["post-17115","post","type-post","status-publish","format-standard","has-post-thumbnail","hentry","category-najnovije-vijesti"],"_links":{"self":[{"href":"https:\/\/prva.hr\/index.php\/wp-json\/wp\/v2\/posts\/17115","targetHints":{"allow":["GET"]}}],"collection":[{"href":"https:\/\/prva.hr\/index.php\/wp-json\/wp\/v2\/posts"}],"about":[{"href":"https:\/\/prva.hr\/index.php\/wp-json\/wp\/v2\/types\/post"}],"author":[{"embeddable":true,"href":"https:\/\/prva.hr\/index.php\/wp-json\/wp\/v2\/users\/2"}],"replies":[{"embeddable":true,"href":"https:\/\/prva.hr\/index.php\/wp-json\/wp\/v2\/comments?post=17115"}],"version-history":[{"count":1,"href":"https:\/\/prva.hr\/index.php\/wp-json\/wp\/v2\/posts\/17115\/revisions"}],"predecessor-version":[{"id":17121,"href":"https:\/\/prva.hr\/index.php\/wp-json\/wp\/v2\/posts\/17115\/revisions\/17121"}],"wp:featuredmedia":[{"embeddable":true,"href":"https:\/\/prva.hr\/index.php\/wp-json\/wp\/v2\/media\/17120"}],"wp:attachment":[{"href":"https:\/\/prva.hr\/index.php\/wp-json\/wp\/v2\/media?parent=17115"}],"wp:term":[{"taxonomy":"category","embeddable":true,"href":"https:\/\/prva.hr\/index.php\/wp-json\/wp\/v2\/categories?post=17115"},{"taxonomy":"post_tag","embeddable":true,"href":"https:\/\/prva.hr\/index.php\/wp-json\/wp\/v2\/tags?post=17115"}],"curies":[{"name":"wp","href":"https:\/\/api.w.org\/{rel}","templated":true}]}}