{"id":17176,"date":"2024-04-08T14:17:55","date_gmt":"2024-04-08T12:17:55","guid":{"rendered":"https:\/\/www.prva.hr\/?p=17176"},"modified":"2024-04-08T14:53:27","modified_gmt":"2024-04-08T12:53:27","slug":"pobjednici-kapi-dobrote","status":"publish","type":"post","link":"https:\/\/prva.hr\/index.php\/2024\/04\/08\/pobjednici-kapi-dobrote\/","title":{"rendered":"Pobjednici Kapi dobrote"},"content":{"rendered":"\n<p>Pobjednici Kapi dobrote smo svi mi koji smo sudjelovali u ovom prekrasnom humanitarnom doga\u0111aju na kojem se skupilo \u010dak 16.173,83\u20ac!<\/p>\n\n\n\n<p>Ipak, neki razredi su se posebno istaknuli i to u sljede\u0107im kategorijama: prezentacija preko dru\u0161tvenih mre\u017ea, prezentacija u\u017eivo, ure\u0111enje prostora, ponuda, zarada i plasman na pub kvizu. Kad se sve zbroji poredak pet najuspje\u0161nijih razreda su:<\/p>\n\n\n\n<figure class=\"wp-block-table\"><table><tbody><tr><td>4.b<strong><\/strong><\/td><td>Zagreb<strong><\/strong><\/td><\/tr><tr><td>3.d<\/td><td>Napulj<\/td><\/tr><tr><td>4.e<\/td><td>Sarajevo<\/td><\/tr><tr><td>1.f<\/td><td>Jeruzalem<\/td><\/tr><tr><td>2.a<strong><\/strong><\/td><td>Rio de Janeiro<strong><\/strong><\/td><\/tr><\/tbody><\/table><figcaption class=\"wp-element-caption\">Bravo za sve razrede, a posebno za one koju su svojom svestrano\u0161\u0107u i kreativno\u0161\u0107u dospjeli na ovu listu.<\/figcaption><\/figure>\n\n\n\n<figure class=\"wp-block-image size-large is-style-default\"><img decoding=\"async\" width=\"1024\" height=\"731\" data-src=\"https:\/\/www.prva.hr\/wp-content\/uploads\/2024\/04\/zagreb1-1024x731.jpg\" alt=\"\" class=\"wp-image-17177 lazyload\" data-srcset=\"https:\/\/prva.hr\/wp-content\/uploads\/2024\/04\/zagreb1-1024x731.jpg 1024w, https:\/\/prva.hr\/wp-content\/uploads\/2024\/04\/zagreb1-300x214.jpg 300w, https:\/\/prva.hr\/wp-content\/uploads\/2024\/04\/zagreb1-768x548.jpg 768w, https:\/\/prva.hr\/wp-content\/uploads\/2024\/04\/zagreb1-1536x1096.jpg 1536w, https:\/\/prva.hr\/wp-content\/uploads\/2024\/04\/zagreb1-2048x1461.jpg 2048w, https:\/\/prva.hr\/wp-content\/uploads\/2024\/04\/zagreb1-400x285.jpg 400w\" data-sizes=\"(max-width: 1024px) 100vw, 1024px\" src=\"data:image\/svg+xml;base64,PHN2ZyB3aWR0aD0iMSIgaGVpZ2h0PSIxIiB4bWxucz0iaHR0cDovL3d3dy53My5vcmcvMjAwMC9zdmciPjwvc3ZnPg==\" style=\"--smush-placeholder-width: 1024px; --smush-placeholder-aspect-ratio: 1024\/731;\" \/><\/figure>\n\n\n\n<figure class=\"wp-block-image size-large is-resized\"><img decoding=\"async\" data-src=\"https:\/\/www.prva.hr\/wp-content\/uploads\/2024\/04\/Napulj-2-1024x731.jpg\" alt=\"\" class=\"wp-image-17184 lazyload\" width=\"840\" height=\"599\" data-srcset=\"https:\/\/prva.hr\/wp-content\/uploads\/2024\/04\/Napulj-2-1024x731.jpg 1024w, https:\/\/prva.hr\/wp-content\/uploads\/2024\/04\/Napulj-2-300x214.jpg 300w, https:\/\/prva.hr\/wp-content\/uploads\/2024\/04\/Napulj-2-768x548.jpg 768w, https:\/\/prva.hr\/wp-content\/uploads\/2024\/04\/Napulj-2-1536x1096.jpg 1536w, https:\/\/prva.hr\/wp-content\/uploads\/2024\/04\/Napulj-2-2048x1461.jpg 2048w, https:\/\/prva.hr\/wp-content\/uploads\/2024\/04\/Napulj-2-400x285.jpg 400w\" data-sizes=\"(max-width: 840px) 100vw, 840px\" src=\"data:image\/svg+xml;base64,PHN2ZyB3aWR0aD0iMSIgaGVpZ2h0PSIxIiB4bWxucz0iaHR0cDovL3d3dy53My5vcmcvMjAwMC9zdmciPjwvc3ZnPg==\" style=\"--smush-placeholder-width: 840px; --smush-placeholder-aspect-ratio: 840\/599;\" \/><\/figure>\n\n\n\n<figure class=\"wp-block-image size-large is-resized\"><img decoding=\"async\" data-src=\"https:\/\/www.prva.hr\/wp-content\/uploads\/2024\/04\/Sarajevo-1024x731.jpg\" alt=\"\" class=\"wp-image-17187 lazyload\" width=\"840\" height=\"599\" data-srcset=\"https:\/\/prva.hr\/wp-content\/uploads\/2024\/04\/Sarajevo-1024x731.jpg 1024w, https:\/\/prva.hr\/wp-content\/uploads\/2024\/04\/Sarajevo-300x214.jpg 300w, https:\/\/prva.hr\/wp-content\/uploads\/2024\/04\/Sarajevo-768x548.jpg 768w, https:\/\/prva.hr\/wp-content\/uploads\/2024\/04\/Sarajevo-1536x1096.jpg 1536w, https:\/\/prva.hr\/wp-content\/uploads\/2024\/04\/Sarajevo-2048x1461.jpg 2048w, https:\/\/prva.hr\/wp-content\/uploads\/2024\/04\/Sarajevo-400x285.jpg 400w\" data-sizes=\"(max-width: 840px) 100vw, 840px\" src=\"data:image\/svg+xml;base64,PHN2ZyB3aWR0aD0iMSIgaGVpZ2h0PSIxIiB4bWxucz0iaHR0cDovL3d3dy53My5vcmcvMjAwMC9zdmciPjwvc3ZnPg==\" style=\"--smush-placeholder-width: 840px; --smush-placeholder-aspect-ratio: 840\/599;\" \/><\/figure>\n\n\n\n<figure class=\"wp-block-image size-large is-resized\"><img decoding=\"async\" data-src=\"https:\/\/www.prva.hr\/wp-content\/uploads\/2024\/04\/Jeruzalem-1-731x1024.jpg\" alt=\"\" class=\"wp-image-17189 lazyload\" width=\"731\" height=\"1024\" data-srcset=\"https:\/\/prva.hr\/wp-content\/uploads\/2024\/04\/Jeruzalem-1-731x1024.jpg 731w, https:\/\/prva.hr\/wp-content\/uploads\/2024\/04\/Jeruzalem-1-214x300.jpg 214w, https:\/\/prva.hr\/wp-content\/uploads\/2024\/04\/Jeruzalem-1-768x1076.jpg 768w, https:\/\/prva.hr\/wp-content\/uploads\/2024\/04\/Jeruzalem-1-1096x1536.jpg 1096w, https:\/\/prva.hr\/wp-content\/uploads\/2024\/04\/Jeruzalem-1-1461x2048.jpg 1461w, https:\/\/prva.hr\/wp-content\/uploads\/2024\/04\/Jeruzalem-1.jpg 1500w\" data-sizes=\"(max-width: 731px) 100vw, 731px\" src=\"data:image\/svg+xml;base64,PHN2ZyB3aWR0aD0iMSIgaGVpZ2h0PSIxIiB4bWxucz0iaHR0cDovL3d3dy53My5vcmcvMjAwMC9zdmciPjwvc3ZnPg==\" style=\"--smush-placeholder-width: 731px; --smush-placeholder-aspect-ratio: 731\/1024;\" \/><\/figure>\n\n\n\n<figure class=\"wp-block-image size-large\"><img decoding=\"async\" width=\"1024\" height=\"731\" data-src=\"https:\/\/www.prva.hr\/wp-content\/uploads\/2024\/04\/Rio-1024x731.jpg\" alt=\"\" class=\"wp-image-17190 lazyload\" data-srcset=\"https:\/\/prva.hr\/wp-content\/uploads\/2024\/04\/Rio-1024x731.jpg 1024w, https:\/\/prva.hr\/wp-content\/uploads\/2024\/04\/Rio-300x214.jpg 300w, https:\/\/prva.hr\/wp-content\/uploads\/2024\/04\/Rio-768x548.jpg 768w, https:\/\/prva.hr\/wp-content\/uploads\/2024\/04\/Rio-1536x1096.jpg 1536w, https:\/\/prva.hr\/wp-content\/uploads\/2024\/04\/Rio-2048x1461.jpg 2048w, https:\/\/prva.hr\/wp-content\/uploads\/2024\/04\/Rio-400x285.jpg 400w\" data-sizes=\"(max-width: 1024px) 100vw, 1024px\" src=\"data:image\/svg+xml;base64,PHN2ZyB3aWR0aD0iMSIgaGVpZ2h0PSIxIiB4bWxucz0iaHR0cDovL3d3dy53My5vcmcvMjAwMC9zdmciPjwvc3ZnPg==\" style=\"--smush-placeholder-width: 1024px; --smush-placeholder-aspect-ratio: 1024\/731;\" \/><\/figure>\n","protected":false},"excerpt":{"rendered":"<p>Pobjednici Kapi dobrote smo svi mi koji smo sudjelovali u ovom prekrasnom humanitarnom doga\u0111aju na kojem se skupilo \u010dak 16.173,83\u20ac! Ipak, neki razredi su se posebno istaknuli i to u sljede\u0107im kategorijama: prezentacija preko dru\u0161tvenih mre\u017ea, prezentacija u\u017eivo, ure\u0111enje prostora, ponuda, zarada i plasman na pub kvizu. Kad se sve zbroji poredak pet najuspje\u0161nijih razreda [&hellip;]<\/p>\n","protected":false},"author":2,"featured_media":17177,"comment_status":"closed","ping_status":"0","sticky":false,"template":"","format":"standard","meta":{"_et_pb_use_builder":"","_et_pb_old_content":"","_et_gb_content_width":"","footnotes":""},"categories":[4],"tags":[],"class_list":["post-17176","post","type-post","status-publish","format-standard","has-post-thumbnail","hentry","category-najnovije-vijesti"],"_links":{"self":[{"href":"https:\/\/prva.hr\/index.php\/wp-json\/wp\/v2\/posts\/17176","targetHints":{"allow":["GET"]}}],"collection":[{"href":"https:\/\/prva.hr\/index.php\/wp-json\/wp\/v2\/posts"}],"about":[{"href":"https:\/\/prva.hr\/index.php\/wp-json\/wp\/v2\/types\/post"}],"author":[{"embeddable":true,"href":"https:\/\/prva.hr\/index.php\/wp-json\/wp\/v2\/users\/2"}],"replies":[{"embeddable":true,"href":"https:\/\/prva.hr\/index.php\/wp-json\/wp\/v2\/comments?post=17176"}],"version-history":[{"count":4,"href":"https:\/\/prva.hr\/index.php\/wp-json\/wp\/v2\/posts\/17176\/revisions"}],"predecessor-version":[{"id":17191,"href":"https:\/\/prva.hr\/index.php\/wp-json\/wp\/v2\/posts\/17176\/revisions\/17191"}],"wp:featuredmedia":[{"embeddable":true,"href":"https:\/\/prva.hr\/index.php\/wp-json\/wp\/v2\/media\/17177"}],"wp:attachment":[{"href":"https:\/\/prva.hr\/index.php\/wp-json\/wp\/v2\/media?parent=17176"}],"wp:term":[{"taxonomy":"category","embeddable":true,"href":"https:\/\/prva.hr\/index.php\/wp-json\/wp\/v2\/categories?post=17176"},{"taxonomy":"post_tag","embeddable":true,"href":"https:\/\/prva.hr\/index.php\/wp-json\/wp\/v2\/tags?post=17176"}],"curies":[{"name":"wp","href":"https:\/\/api.w.org\/{rel}","templated":true}]}}