{"id":17183,"date":"2024-04-08T14:54:53","date_gmt":"2024-04-08T12:54:53","guid":{"rendered":"https:\/\/www.prva.hr\/?p=17183"},"modified":"2024-04-08T14:54:56","modified_gmt":"2024-04-08T12:54:56","slug":"poziv-na-drzavno-natjecanje-glazbenih-svecanosti-hrvatske-mladezi","status":"publish","type":"post","link":"https:\/\/prva.hr\/index.php\/2024\/04\/08\/poziv-na-drzavno-natjecanje-glazbenih-svecanosti-hrvatske-mladezi\/","title":{"rendered":"Poziv na dr\u017eavno Natjecanje glazbenih sve\u010danosti hrvatske mlade\u017ei"},"content":{"rendered":"\n<p>\u010clanice Djevoja\u010dkog zbora I. gimnazije pozvane su na dr\u017eavno Natjecanje glazbenih sve\u010danosti hrvatske mlade\u017ei.  \u010cestitke u\u010denicama te njihovoj mentorici prof. Kristini Vladu\u0161i\u0107!<\/p>\n\n\n\n<figure class=\"wp-block-gallery has-nested-images columns-default is-cropped wp-block-gallery-1 is-layout-flex wp-block-gallery-is-layout-flex\">\n<figure class=\"wp-block-image size-large\"><img decoding=\"async\" width=\"1024\" height=\"768\" data-id=\"17192\" data-src=\"https:\/\/www.prva.hr\/wp-content\/uploads\/2024\/04\/WhatsApp-Slika-2024-04-08-u-14.49.27_8f9256cd-1024x768.jpg\" alt=\"\" class=\"wp-image-17192 lazyload\" data-srcset=\"https:\/\/prva.hr\/wp-content\/uploads\/2024\/04\/WhatsApp-Slika-2024-04-08-u-14.49.27_8f9256cd-1024x768.jpg 1024w, https:\/\/prva.hr\/wp-content\/uploads\/2024\/04\/WhatsApp-Slika-2024-04-08-u-14.49.27_8f9256cd-300x225.jpg 300w, https:\/\/prva.hr\/wp-content\/uploads\/2024\/04\/WhatsApp-Slika-2024-04-08-u-14.49.27_8f9256cd-768x576.jpg 768w, https:\/\/prva.hr\/wp-content\/uploads\/2024\/04\/WhatsApp-Slika-2024-04-08-u-14.49.27_8f9256cd-1536x1152.jpg 1536w, https:\/\/prva.hr\/wp-content\/uploads\/2024\/04\/WhatsApp-Slika-2024-04-08-u-14.49.27_8f9256cd-400x300.jpg 400w, https:\/\/prva.hr\/wp-content\/uploads\/2024\/04\/WhatsApp-Slika-2024-04-08-u-14.49.27_8f9256cd.jpg 1600w\" data-sizes=\"(max-width: 1024px) 100vw, 1024px\" src=\"data:image\/svg+xml;base64,PHN2ZyB3aWR0aD0iMSIgaGVpZ2h0PSIxIiB4bWxucz0iaHR0cDovL3d3dy53My5vcmcvMjAwMC9zdmciPjwvc3ZnPg==\" style=\"--smush-placeholder-width: 1024px; --smush-placeholder-aspect-ratio: 1024\/768;\" \/><\/figure>\n<\/figure>\n","protected":false},"excerpt":{"rendered":"<p>\u010clanice Djevoja\u010dkog zbora I. gimnazije pozvane su na dr\u017eavno Natjecanje glazbenih sve\u010danosti hrvatske mlade\u017ei. \u010cestitke u\u010denicama te njihovoj mentorici prof. Kristini Vladu\u0161i\u0107!<\/p>\n","protected":false},"author":7,"featured_media":0,"comment_status":"closed","ping_status":"0","sticky":false,"template":"","format":"standard","meta":{"_et_pb_use_builder":"","_et_pb_old_content":"","_et_gb_content_width":"","footnotes":""},"categories":[4,24],"tags":[],"class_list":["post-17183","post","type-post","status-publish","format-standard","hentry","category-najnovije-vijesti","category-predmetna-natjecanja"],"_links":{"self":[{"href":"https:\/\/prva.hr\/index.php\/wp-json\/wp\/v2\/posts\/17183","targetHints":{"allow":["GET"]}}],"collection":[{"href":"https:\/\/prva.hr\/index.php\/wp-json\/wp\/v2\/posts"}],"about":[{"href":"https:\/\/prva.hr\/index.php\/wp-json\/wp\/v2\/types\/post"}],"author":[{"embeddable":true,"href":"https:\/\/prva.hr\/index.php\/wp-json\/wp\/v2\/users\/7"}],"replies":[{"embeddable":true,"href":"https:\/\/prva.hr\/index.php\/wp-json\/wp\/v2\/comments?post=17183"}],"version-history":[{"count":1,"href":"https:\/\/prva.hr\/index.php\/wp-json\/wp\/v2\/posts\/17183\/revisions"}],"predecessor-version":[{"id":17193,"href":"https:\/\/prva.hr\/index.php\/wp-json\/wp\/v2\/posts\/17183\/revisions\/17193"}],"wp:attachment":[{"href":"https:\/\/prva.hr\/index.php\/wp-json\/wp\/v2\/media?parent=17183"}],"wp:term":[{"taxonomy":"category","embeddable":true,"href":"https:\/\/prva.hr\/index.php\/wp-json\/wp\/v2\/categories?post=17183"},{"taxonomy":"post_tag","embeddable":true,"href":"https:\/\/prva.hr\/index.php\/wp-json\/wp\/v2\/tags?post=17183"}],"curies":[{"name":"wp","href":"https:\/\/api.w.org\/{rel}","templated":true}]}}