{"id":17199,"date":"2024-04-09T13:37:38","date_gmt":"2024-04-09T11:37:38","guid":{"rendered":"https:\/\/www.prva.hr\/?p=17199"},"modified":"2024-04-09T13:40:07","modified_gmt":"2024-04-09T11:40:07","slug":"prvo-mjesto-i-plasman-u-europsku-fazu-natjecanja","status":"publish","type":"post","link":"https:\/\/prva.hr\/index.php\/2024\/04\/09\/prvo-mjesto-i-plasman-u-europsku-fazu-natjecanja\/","title":{"rendered":"PRVO MJESTO I PLASMAN U EUROPSKU FAZU NATJECANJA"},"content":{"rendered":"\n<p>Tim I. gimnazije (TRICEPSI) osvojio je prvo mjesto u nacionalnoj fazi Statisti\u010dkog natjecanja te se plasirao u europsku fazu. Nakon dva kruga nacionalne faze u kona\u010dnoj selekciji u\u010denice 2.b (Mare Ga\u0161par, Zrinka Nagli\u0107 i Daria Jakeli\u0107) osvojile su najve\u0107i broj bodova (vi\u0161e na stranici <a href=\"https:\/\/natjecanje.dzs.hr\/\">https:\/\/natjecanje.dzs.hr\/<\/a>).<\/p>\n\n\n\n<p>U\u010denice su se natjecale u kategoriji B (1. i 2. razredi). Prezentacije pobjednika mo\u017eete pogledati na stranici <a href=\"https:\/\/natjecanje.dzs.hr\/pobjednici.html\">https:\/\/natjecanje.dzs.hr\/pobjednici.html<\/a><\/p>\n\n\n\n<p>\u010cestitke u\u010denicama i njihovoj mentorici Gordani Sekuli\u0107-\u0160tiv\u010devi\u0107. Sretno u daljnjem natjecanju!<\/p>\n\n\n\n<figure class=\"wp-block-gallery has-nested-images columns-default is-cropped wp-block-gallery-1 is-layout-flex wp-block-gallery-is-layout-flex\">\n<figure class=\"wp-block-image size-large\"><img decoding=\"async\" width=\"768\" height=\"1024\" data-id=\"17201\" data-src=\"https:\/\/www.prva.hr\/wp-content\/uploads\/2024\/04\/WhatsApp-Slika-2024-04-09-u-13.09.06_1e52979a-768x1024.jpg\" alt=\"\" class=\"wp-image-17201 lazyload\" data-srcset=\"https:\/\/prva.hr\/wp-content\/uploads\/2024\/04\/WhatsApp-Slika-2024-04-09-u-13.09.06_1e52979a-768x1024.jpg 768w, https:\/\/prva.hr\/wp-content\/uploads\/2024\/04\/WhatsApp-Slika-2024-04-09-u-13.09.06_1e52979a-225x300.jpg 225w, https:\/\/prva.hr\/wp-content\/uploads\/2024\/04\/WhatsApp-Slika-2024-04-09-u-13.09.06_1e52979a-1152x1536.jpg 1152w, https:\/\/prva.hr\/wp-content\/uploads\/2024\/04\/WhatsApp-Slika-2024-04-09-u-13.09.06_1e52979a.jpg 1536w\" data-sizes=\"(max-width: 768px) 100vw, 768px\" src=\"data:image\/svg+xml;base64,PHN2ZyB3aWR0aD0iMSIgaGVpZ2h0PSIxIiB4bWxucz0iaHR0cDovL3d3dy53My5vcmcvMjAwMC9zdmciPjwvc3ZnPg==\" style=\"--smush-placeholder-width: 768px; --smush-placeholder-aspect-ratio: 768\/1024;\" \/><\/figure>\n<\/figure>\n","protected":false},"excerpt":{"rendered":"<p>Tim I. gimnazije (TRICEPSI) osvojio je prvo mjesto u nacionalnoj fazi Statisti\u010dkog natjecanja te se plasirao u europsku fazu. Nakon dva kruga nacionalne faze u kona\u010dnoj selekciji u\u010denice 2.b (Mare Ga\u0161par, Zrinka Nagli\u0107 i Daria Jakeli\u0107) osvojile su najve\u0107i broj bodova (vi\u0161e na stranici https:\/\/natjecanje.dzs.hr\/). U\u010denice su se natjecale u kategoriji B (1. i 2. [&hellip;]<\/p>\n","protected":false},"author":2,"featured_media":17201,"comment_status":"closed","ping_status":"0","sticky":false,"template":"","format":"standard","meta":{"_et_pb_use_builder":"","_et_pb_old_content":"","_et_gb_content_width":"","footnotes":""},"categories":[4,24,1],"tags":[],"class_list":["post-17199","post","type-post","status-publish","format-standard","has-post-thumbnail","hentry","category-najnovije-vijesti","category-predmetna-natjecanja","category-nekategorizirano"],"_links":{"self":[{"href":"https:\/\/prva.hr\/index.php\/wp-json\/wp\/v2\/posts\/17199","targetHints":{"allow":["GET"]}}],"collection":[{"href":"https:\/\/prva.hr\/index.php\/wp-json\/wp\/v2\/posts"}],"about":[{"href":"https:\/\/prva.hr\/index.php\/wp-json\/wp\/v2\/types\/post"}],"author":[{"embeddable":true,"href":"https:\/\/prva.hr\/index.php\/wp-json\/wp\/v2\/users\/2"}],"replies":[{"embeddable":true,"href":"https:\/\/prva.hr\/index.php\/wp-json\/wp\/v2\/comments?post=17199"}],"version-history":[{"count":2,"href":"https:\/\/prva.hr\/index.php\/wp-json\/wp\/v2\/posts\/17199\/revisions"}],"predecessor-version":[{"id":17203,"href":"https:\/\/prva.hr\/index.php\/wp-json\/wp\/v2\/posts\/17199\/revisions\/17203"}],"wp:featuredmedia":[{"embeddable":true,"href":"https:\/\/prva.hr\/index.php\/wp-json\/wp\/v2\/media\/17201"}],"wp:attachment":[{"href":"https:\/\/prva.hr\/index.php\/wp-json\/wp\/v2\/media?parent=17199"}],"wp:term":[{"taxonomy":"category","embeddable":true,"href":"https:\/\/prva.hr\/index.php\/wp-json\/wp\/v2\/categories?post=17199"},{"taxonomy":"post_tag","embeddable":true,"href":"https:\/\/prva.hr\/index.php\/wp-json\/wp\/v2\/tags?post=17199"}],"curies":[{"name":"wp","href":"https:\/\/api.w.org\/{rel}","templated":true}]}}