{"id":17315,"date":"2024-04-19T10:24:49","date_gmt":"2024-04-19T08:24:49","guid":{"rendered":"https:\/\/www.prva.hr\/?p=17315"},"modified":"2024-04-19T10:24:59","modified_gmt":"2024-04-19T08:24:59","slug":"drzavno-natjecanje-iz-latinskog-jezika-2","status":"publish","type":"post","link":"https:\/\/prva.hr\/index.php\/2024\/04\/19\/drzavno-natjecanje-iz-latinskog-jezika-2\/","title":{"rendered":"Dr\u017eavno Natjecanje iz latinskog jezika"},"content":{"rendered":"\n<p>U\u010denik 2. e razreda, Ivano Juki\u0107, predstavljao je na\u0161u \u0161kolu na dr\u017eavnom Natjecanju iz latinskog jezika, koje je odr\u017eano od 15. do 17. travnja. Doma\u0107in dr\u017eavnog natjecanja ove godine bila je Gimnazija Pula. Osim samog natjecanja, na kojem se Ivano plasirao na 12. mjesto, mentori\/ce i u\u010denici\/ce imali su priliku za lijepo dru\u017eenje i obilazak po prekrasnoj Puli te fotografiranje uz najpoznatije spomenike anti\u010dke arhitekture.\u00a0<\/p>\n\n\n\n<p>\u010cestitamo Ivanu i njegovoj mentorici, prof. \u010cubrani\u0107!<\/p>\n\n\n\n<figure class=\"wp-block-gallery has-nested-images columns-default is-cropped wp-block-gallery-1 is-layout-flex wp-block-gallery-is-layout-flex\">\n<figure class=\"wp-block-image size-large\"><img decoding=\"async\" width=\"871\" height=\"1024\" data-id=\"17317\" data-src=\"https:\/\/www.prva.hr\/wp-content\/uploads\/2024\/04\/20240416_130111-871x1024.jpg\" alt=\"\" class=\"wp-image-17317 lazyload\" data-srcset=\"https:\/\/prva.hr\/wp-content\/uploads\/2024\/04\/20240416_130111-871x1024.jpg 871w, https:\/\/prva.hr\/wp-content\/uploads\/2024\/04\/20240416_130111-255x300.jpg 255w, https:\/\/prva.hr\/wp-content\/uploads\/2024\/04\/20240416_130111-768x903.jpg 768w, https:\/\/prva.hr\/wp-content\/uploads\/2024\/04\/20240416_130111-1306x1536.jpg 1306w, https:\/\/prva.hr\/wp-content\/uploads\/2024\/04\/20240416_130111.jpg 1477w\" data-sizes=\"(max-width: 871px) 100vw, 871px\" src=\"data:image\/svg+xml;base64,PHN2ZyB3aWR0aD0iMSIgaGVpZ2h0PSIxIiB4bWxucz0iaHR0cDovL3d3dy53My5vcmcvMjAwMC9zdmciPjwvc3ZnPg==\" style=\"--smush-placeholder-width: 871px; --smush-placeholder-aspect-ratio: 871\/1024;\" \/><\/figure>\n\n\n\n<figure class=\"wp-block-image size-large\"><img decoding=\"async\" width=\"626\" height=\"1024\" data-id=\"17316\" data-src=\"https:\/\/www.prva.hr\/wp-content\/uploads\/2024\/04\/20240416_133030-626x1024.jpg\" alt=\"\" class=\"wp-image-17316 lazyload\" data-srcset=\"https:\/\/prva.hr\/wp-content\/uploads\/2024\/04\/20240416_133030-626x1024.jpg 626w, https:\/\/prva.hr\/wp-content\/uploads\/2024\/04\/20240416_133030-183x300.jpg 183w, https:\/\/prva.hr\/wp-content\/uploads\/2024\/04\/20240416_133030-768x1256.jpg 768w, https:\/\/prva.hr\/wp-content\/uploads\/2024\/04\/20240416_133030-939x1536.jpg 939w, https:\/\/prva.hr\/wp-content\/uploads\/2024\/04\/20240416_133030-1252x2048.jpg 1252w, https:\/\/prva.hr\/wp-content\/uploads\/2024\/04\/20240416_133030-scaled.jpg 1565w\" data-sizes=\"(max-width: 626px) 100vw, 626px\" src=\"data:image\/svg+xml;base64,PHN2ZyB3aWR0aD0iMSIgaGVpZ2h0PSIxIiB4bWxucz0iaHR0cDovL3d3dy53My5vcmcvMjAwMC9zdmciPjwvc3ZnPg==\" style=\"--smush-placeholder-width: 626px; --smush-placeholder-aspect-ratio: 626\/1024;\" \/><\/figure>\n<\/figure>\n","protected":false},"excerpt":{"rendered":"<p>U\u010denik 2. e razreda, Ivano Juki\u0107, predstavljao je na\u0161u \u0161kolu na dr\u017eavnom Natjecanju iz latinskog jezika, koje je odr\u017eano od 15. do 17. travnja. Doma\u0107in dr\u017eavnog natjecanja ove godine bila je Gimnazija Pula. Osim samog natjecanja, na kojem se Ivano plasirao na 12. mjesto, mentori\/ce i u\u010denici\/ce imali su priliku za lijepo dru\u017eenje i obilazak [&hellip;]<\/p>\n","protected":false},"author":7,"featured_media":17318,"comment_status":"closed","ping_status":"0","sticky":false,"template":"","format":"standard","meta":{"_et_pb_use_builder":"","_et_pb_old_content":"","_et_gb_content_width":"","footnotes":""},"categories":[4,24],"tags":[],"class_list":["post-17315","post","type-post","status-publish","format-standard","has-post-thumbnail","hentry","category-najnovije-vijesti","category-predmetna-natjecanja"],"_links":{"self":[{"href":"https:\/\/prva.hr\/index.php\/wp-json\/wp\/v2\/posts\/17315","targetHints":{"allow":["GET"]}}],"collection":[{"href":"https:\/\/prva.hr\/index.php\/wp-json\/wp\/v2\/posts"}],"about":[{"href":"https:\/\/prva.hr\/index.php\/wp-json\/wp\/v2\/types\/post"}],"author":[{"embeddable":true,"href":"https:\/\/prva.hr\/index.php\/wp-json\/wp\/v2\/users\/7"}],"replies":[{"embeddable":true,"href":"https:\/\/prva.hr\/index.php\/wp-json\/wp\/v2\/comments?post=17315"}],"version-history":[{"count":1,"href":"https:\/\/prva.hr\/index.php\/wp-json\/wp\/v2\/posts\/17315\/revisions"}],"predecessor-version":[{"id":17319,"href":"https:\/\/prva.hr\/index.php\/wp-json\/wp\/v2\/posts\/17315\/revisions\/17319"}],"wp:featuredmedia":[{"embeddable":true,"href":"https:\/\/prva.hr\/index.php\/wp-json\/wp\/v2\/media\/17318"}],"wp:attachment":[{"href":"https:\/\/prva.hr\/index.php\/wp-json\/wp\/v2\/media?parent=17315"}],"wp:term":[{"taxonomy":"category","embeddable":true,"href":"https:\/\/prva.hr\/index.php\/wp-json\/wp\/v2\/categories?post=17315"},{"taxonomy":"post_tag","embeddable":true,"href":"https:\/\/prva.hr\/index.php\/wp-json\/wp\/v2\/tags?post=17315"}],"curies":[{"name":"wp","href":"https:\/\/api.w.org\/{rel}","templated":true}]}}