{"id":17409,"date":"2024-04-26T21:51:11","date_gmt":"2024-04-26T19:51:11","guid":{"rendered":"https:\/\/www.prva.hr\/?p=17409"},"modified":"2024-04-26T21:51:16","modified_gmt":"2024-04-26T19:51:16","slug":"drzavno-natjecanje-iz-engleskog-jezika-4","status":"publish","type":"post","link":"https:\/\/prva.hr\/index.php\/2024\/04\/26\/drzavno-natjecanje-iz-engleskog-jezika-4\/","title":{"rendered":"Dr\u017eavno Natjecanje iz engleskog jezika"},"content":{"rendered":"\n<p>U\u010denica Korana Kuten (4. d) predstavljala je na\u0161u \u0161kolu na dr\u017eavnom Natjecanju iz engleskog jezika koje je odr\u017eano od 24. do 26. travnja u O\u0160 Montovjerna u Dubrovniku. Na kraju natjecanja na\u0161a u\u010denica je ostvarila 6. mjesto.<\/p>\n\n\n\n<p>\u010cestitamo Korani te njezinoj mentorici prof. Mordu\u0161!<\/p>\n\n\n\n<figure class=\"wp-block-image aligncenter size-large\"><img decoding=\"async\" width=\"461\" height=\"1024\" data-src=\"https:\/\/www.prva.hr\/wp-content\/uploads\/2024\/04\/20240425_123221-461x1024.jpg\" alt=\"\" class=\"wp-image-17411 lazyload\" data-srcset=\"https:\/\/prva.hr\/wp-content\/uploads\/2024\/04\/20240425_123221-461x1024.jpg 461w, https:\/\/prva.hr\/wp-content\/uploads\/2024\/04\/20240425_123221-135x300.jpg 135w, https:\/\/prva.hr\/wp-content\/uploads\/2024\/04\/20240425_123221-768x1707.jpg 768w, https:\/\/prva.hr\/wp-content\/uploads\/2024\/04\/20240425_123221-691x1536.jpg 691w, https:\/\/prva.hr\/wp-content\/uploads\/2024\/04\/20240425_123221-922x2048.jpg 922w, https:\/\/prva.hr\/wp-content\/uploads\/2024\/04\/20240425_123221-scaled.jpg 1152w\" data-sizes=\"(max-width: 461px) 100vw, 461px\" src=\"data:image\/svg+xml;base64,PHN2ZyB3aWR0aD0iMSIgaGVpZ2h0PSIxIiB4bWxucz0iaHR0cDovL3d3dy53My5vcmcvMjAwMC9zdmciPjwvc3ZnPg==\" style=\"--smush-placeholder-width: 461px; --smush-placeholder-aspect-ratio: 461\/1024;\" \/><\/figure>\n","protected":false},"excerpt":{"rendered":"<p>U\u010denica Korana Kuten (4. d) predstavljala je na\u0161u \u0161kolu na dr\u017eavnom Natjecanju iz engleskog jezika koje je odr\u017eano od 24. do 26. travnja u O\u0160 Montovjerna u Dubrovniku. Na kraju natjecanja na\u0161a u\u010denica je ostvarila 6. mjesto. \u010cestitamo Korani te njezinoj mentorici prof. Mordu\u0161!<\/p>\n","protected":false},"author":7,"featured_media":17410,"comment_status":"closed","ping_status":"0","sticky":false,"template":"","format":"standard","meta":{"_et_pb_use_builder":"","_et_pb_old_content":"","_et_gb_content_width":"","footnotes":""},"categories":[4,24],"tags":[],"class_list":["post-17409","post","type-post","status-publish","format-standard","has-post-thumbnail","hentry","category-najnovije-vijesti","category-predmetna-natjecanja"],"_links":{"self":[{"href":"https:\/\/prva.hr\/index.php\/wp-json\/wp\/v2\/posts\/17409","targetHints":{"allow":["GET"]}}],"collection":[{"href":"https:\/\/prva.hr\/index.php\/wp-json\/wp\/v2\/posts"}],"about":[{"href":"https:\/\/prva.hr\/index.php\/wp-json\/wp\/v2\/types\/post"}],"author":[{"embeddable":true,"href":"https:\/\/prva.hr\/index.php\/wp-json\/wp\/v2\/users\/7"}],"replies":[{"embeddable":true,"href":"https:\/\/prva.hr\/index.php\/wp-json\/wp\/v2\/comments?post=17409"}],"version-history":[{"count":1,"href":"https:\/\/prva.hr\/index.php\/wp-json\/wp\/v2\/posts\/17409\/revisions"}],"predecessor-version":[{"id":17412,"href":"https:\/\/prva.hr\/index.php\/wp-json\/wp\/v2\/posts\/17409\/revisions\/17412"}],"wp:featuredmedia":[{"embeddable":true,"href":"https:\/\/prva.hr\/index.php\/wp-json\/wp\/v2\/media\/17410"}],"wp:attachment":[{"href":"https:\/\/prva.hr\/index.php\/wp-json\/wp\/v2\/media?parent=17409"}],"wp:term":[{"taxonomy":"category","embeddable":true,"href":"https:\/\/prva.hr\/index.php\/wp-json\/wp\/v2\/categories?post=17409"},{"taxonomy":"post_tag","embeddable":true,"href":"https:\/\/prva.hr\/index.php\/wp-json\/wp\/v2\/tags?post=17409"}],"curies":[{"name":"wp","href":"https:\/\/api.w.org\/{rel}","templated":true}]}}