{"id":17423,"date":"2024-05-02T10:05:30","date_gmt":"2024-05-02T08:05:30","guid":{"rendered":"https:\/\/www.prva.hr\/?p=17423"},"modified":"2024-05-02T10:05:35","modified_gmt":"2024-05-02T08:05:35","slug":"dodijeljene-eccl-diplome-za-2023-2024-godinu","status":"publish","type":"post","link":"https:\/\/prva.hr\/index.php\/2024\/05\/02\/dodijeljene-eccl-diplome-za-2023-2024-godinu\/","title":{"rendered":"Dodijeljene\u00a0ECCL diplome za 2023.\/2024. godinu"},"content":{"rendered":"\n<p>U\u010denici I. gimnazije i ove su godine pristupili ECCL testiranju. Podijeljeno je ukupno 10 diploma. Osim uobi\u010dajene prve razine latinskog jezika, kojoj pristupaju u\u010denici drugih razreda, po prvi puta je dodijeljena diploma prve razine gr\u010dkog jezika u\u010deniku 4.c razreda, Lukasu Rup\u010di\u0107u.<\/p>\n\n\n\n<figure class=\"wp-block-image aligncenter size-large is-resized\"><img decoding=\"async\" data-src=\"https:\/\/www.prva.hr\/wp-content\/uploads\/2024\/05\/ECCL-2023.-fotka-1-768x1024.jpg\" alt=\"\" class=\"wp-image-17425 lazyload\" width=\"282\" height=\"376\" data-srcset=\"https:\/\/prva.hr\/wp-content\/uploads\/2024\/05\/ECCL-2023.-fotka-1-768x1024.jpg 768w, https:\/\/prva.hr\/wp-content\/uploads\/2024\/05\/ECCL-2023.-fotka-1-225x300.jpg 225w, https:\/\/prva.hr\/wp-content\/uploads\/2024\/05\/ECCL-2023.-fotka-1-1152x1536.jpg 1152w, https:\/\/prva.hr\/wp-content\/uploads\/2024\/05\/ECCL-2023.-fotka-1-1536x2048.jpg 1536w, https:\/\/prva.hr\/wp-content\/uploads\/2024\/05\/ECCL-2023.-fotka-1-scaled.jpg 1920w\" data-sizes=\"(max-width: 282px) 100vw, 282px\" src=\"data:image\/svg+xml;base64,PHN2ZyB3aWR0aD0iMSIgaGVpZ2h0PSIxIiB4bWxucz0iaHR0cDovL3d3dy53My5vcmcvMjAwMC9zdmciPjwvc3ZnPg==\" style=\"--smush-placeholder-width: 282px; --smush-placeholder-aspect-ratio: 282\/376;\" \/><\/figure>\n\n\n\n<p><\/p>\n","protected":false},"excerpt":{"rendered":"<p>U\u010denici I. gimnazije i ove su godine pristupili ECCL testiranju. Podijeljeno je ukupno 10 diploma. Osim uobi\u010dajene prve razine latinskog jezika, kojoj pristupaju u\u010denici drugih razreda, po prvi puta je dodijeljena diploma prve razine gr\u010dkog jezika u\u010deniku 4.c razreda, Lukasu Rup\u010di\u0107u.<\/p>\n","protected":false},"author":7,"featured_media":17424,"comment_status":"closed","ping_status":"0","sticky":false,"template":"","format":"standard","meta":{"_et_pb_use_builder":"","_et_pb_old_content":"","_et_gb_content_width":"","footnotes":""},"categories":[6,4],"tags":[],"class_list":["post-17423","post","type-post","status-publish","format-standard","has-post-thumbnail","hentry","category-aktualna-dogadanja","category-najnovije-vijesti"],"_links":{"self":[{"href":"https:\/\/prva.hr\/index.php\/wp-json\/wp\/v2\/posts\/17423","targetHints":{"allow":["GET"]}}],"collection":[{"href":"https:\/\/prva.hr\/index.php\/wp-json\/wp\/v2\/posts"}],"about":[{"href":"https:\/\/prva.hr\/index.php\/wp-json\/wp\/v2\/types\/post"}],"author":[{"embeddable":true,"href":"https:\/\/prva.hr\/index.php\/wp-json\/wp\/v2\/users\/7"}],"replies":[{"embeddable":true,"href":"https:\/\/prva.hr\/index.php\/wp-json\/wp\/v2\/comments?post=17423"}],"version-history":[{"count":1,"href":"https:\/\/prva.hr\/index.php\/wp-json\/wp\/v2\/posts\/17423\/revisions"}],"predecessor-version":[{"id":17426,"href":"https:\/\/prva.hr\/index.php\/wp-json\/wp\/v2\/posts\/17423\/revisions\/17426"}],"wp:featuredmedia":[{"embeddable":true,"href":"https:\/\/prva.hr\/index.php\/wp-json\/wp\/v2\/media\/17424"}],"wp:attachment":[{"href":"https:\/\/prva.hr\/index.php\/wp-json\/wp\/v2\/media?parent=17423"}],"wp:term":[{"taxonomy":"category","embeddable":true,"href":"https:\/\/prva.hr\/index.php\/wp-json\/wp\/v2\/categories?post=17423"},{"taxonomy":"post_tag","embeddable":true,"href":"https:\/\/prva.hr\/index.php\/wp-json\/wp\/v2\/tags?post=17423"}],"curies":[{"name":"wp","href":"https:\/\/api.w.org\/{rel}","templated":true}]}}