{"id":17431,"date":"2024-05-03T08:05:58","date_gmt":"2024-05-03T06:05:58","guid":{"rendered":"https:\/\/www.prva.hr\/?p=17431"},"modified":"2025-12-04T09:43:41","modified_gmt":"2025-12-04T08:43:41","slug":"sudjelovanje-nasih-nastavnika-na-tecaju","status":"publish","type":"post","link":"https:\/\/prva.hr\/index.php\/2024\/05\/03\/sudjelovanje-nasih-nastavnika-na-tecaju\/","title":{"rendered":"Sudjelovanje na\u0161ih nastavnika na te\u010daju"},"content":{"rendered":"\n<p>Prof. Opati\u0107 Sanuri, nastavnica engleskog jezika, te prof. Ra\u0161i\u0107, nastavnik biologije i kemije, sudjelovali su na stru\u010dnom usavr\u0161avanju Europass Teacher Academy u Firenci od 22. do 27. travnja u okviru Erasmus+ mobilnosti nastavnog osoblja.&nbsp;<\/p>\n\n\n\n<p>Prof. Opati\u0107 Sanuri poha\u0111ala je te\u010daj CLIL for Secondary Schools: Practical Activities for All Teachers na kojem je s nastavnicama iz Francuske, \u010ce\u0161ke, Njema\u010dke, Portugala i Bugarske razvijala svoje nastavni\u010dke vje\u0161tine kroz jezi\u010dne aktivnosti u podru\u010djima umjetnosti, geografije, povijesti i znanosti, uz dodatni fokus na kulturne aspekte. Na te\u010daju se upoznala i s korisnim digitalnim alatima koji se mogu primijeniti u nastavni te se umre\u017eila sa sudionicima te\u010daja preko eTwinning platforme.<\/p>\n\n\n\n<p>Prof. Ra\u0161i\u0107 sudjelovao je na te\u010daju Ecocentric Approach: Introducing Sustainability in Education zajedno s kolegama iz Portugala, Nizozemske, Francuske, Rumunjske i Cipra. Na te\u010daju je produbio svoja znanja o odr\u017eivim metodama \u017eivota i na\u010dinima kako ih implementirati u nastavne procese i \u0161kolski \u017eivot te je upoznao brojne kolege iz Europe i \u010duo njihove perspektive. Osim toga, podijelio je i brojne primjere dobre prakse odr\u017eivosti kojima se Prva mo\u017ee pohvaliti!<\/p>\n\n\n\n<figure class=\"wp-block-gallery has-nested-images columns-default is-cropped wp-block-gallery-1 is-layout-flex wp-block-gallery-is-layout-flex\">\n<figure class=\"wp-block-image size-large\"><img decoding=\"async\" width=\"828\" height=\"607\" data-id=\"17432\" data-src=\"https:\/\/www.prva.hr\/wp-content\/uploads\/2024\/05\/Tecaj-Firenca-2.jpeg\" alt=\"\" class=\"wp-image-17432 lazyload\" data-srcset=\"https:\/\/prva.hr\/wp-content\/uploads\/2024\/05\/Tecaj-Firenca-2.jpeg 828w, https:\/\/prva.hr\/wp-content\/uploads\/2024\/05\/Tecaj-Firenca-2-300x220.jpeg 300w, https:\/\/prva.hr\/wp-content\/uploads\/2024\/05\/Tecaj-Firenca-2-768x563.jpeg 768w, https:\/\/prva.hr\/wp-content\/uploads\/2024\/05\/Tecaj-Firenca-2-400x293.jpeg 400w\" data-sizes=\"(max-width: 828px) 100vw, 828px\" src=\"data:image\/svg+xml;base64,PHN2ZyB3aWR0aD0iMSIgaGVpZ2h0PSIxIiB4bWxucz0iaHR0cDovL3d3dy53My5vcmcvMjAwMC9zdmciPjwvc3ZnPg==\" style=\"--smush-placeholder-width: 828px; --smush-placeholder-aspect-ratio: 828\/607;\" \/><\/figure>\n\n\n\n<figure class=\"wp-block-image size-large\"><img decoding=\"async\" width=\"828\" height=\"982\" data-id=\"17433\" data-src=\"https:\/\/www.prva.hr\/wp-content\/uploads\/2024\/05\/Tecaj-Firenca-1.jpeg\" alt=\"\" class=\"wp-image-17433 lazyload\" data-srcset=\"https:\/\/prva.hr\/wp-content\/uploads\/2024\/05\/Tecaj-Firenca-1.jpeg 828w, https:\/\/prva.hr\/wp-content\/uploads\/2024\/05\/Tecaj-Firenca-1-253x300.jpeg 253w, https:\/\/prva.hr\/wp-content\/uploads\/2024\/05\/Tecaj-Firenca-1-768x911.jpeg 768w\" data-sizes=\"(max-width: 828px) 100vw, 828px\" src=\"data:image\/svg+xml;base64,PHN2ZyB3aWR0aD0iMSIgaGVpZ2h0PSIxIiB4bWxucz0iaHR0cDovL3d3dy53My5vcmcvMjAwMC9zdmciPjwvc3ZnPg==\" style=\"--smush-placeholder-width: 828px; --smush-placeholder-aspect-ratio: 828\/982;\" \/><\/figure>\n<\/figure>\n","protected":false},"excerpt":{"rendered":"<p>Prof. Opati\u0107 Sanuri, nastavnica engleskog jezika, te prof. Ra\u0161i\u0107, nastavnik biologije i kemije, sudjelovali su na stru\u010dnom usavr\u0161avanju Europass Teacher Academy u Firenci od 22. do 27. travnja u okviru Erasmus+ mobilnosti nastavnog osoblja.&nbsp; Prof. Opati\u0107 Sanuri poha\u0111ala je te\u010daj CLIL for Secondary Schools: Practical Activities for All Teachers na kojem je s nastavnicama iz [&hellip;]<\/p>\n","protected":false},"author":7,"featured_media":17434,"comment_status":"closed","ping_status":"closed","sticky":false,"template":"","format":"standard","meta":{"_et_pb_use_builder":"","_et_pb_old_content":"","_et_gb_content_width":"","footnotes":""},"categories":[6,148,127],"tags":[],"class_list":["post-17431","post","type-post","status-publish","format-standard","has-post-thumbnail","hentry","category-aktualna-dogadanja","category-erasmus-aktivnosti","category-erasmus"],"_links":{"self":[{"href":"https:\/\/prva.hr\/index.php\/wp-json\/wp\/v2\/posts\/17431","targetHints":{"allow":["GET"]}}],"collection":[{"href":"https:\/\/prva.hr\/index.php\/wp-json\/wp\/v2\/posts"}],"about":[{"href":"https:\/\/prva.hr\/index.php\/wp-json\/wp\/v2\/types\/post"}],"author":[{"embeddable":true,"href":"https:\/\/prva.hr\/index.php\/wp-json\/wp\/v2\/users\/7"}],"replies":[{"embeddable":true,"href":"https:\/\/prva.hr\/index.php\/wp-json\/wp\/v2\/comments?post=17431"}],"version-history":[{"count":1,"href":"https:\/\/prva.hr\/index.php\/wp-json\/wp\/v2\/posts\/17431\/revisions"}],"predecessor-version":[{"id":17435,"href":"https:\/\/prva.hr\/index.php\/wp-json\/wp\/v2\/posts\/17431\/revisions\/17435"}],"wp:featuredmedia":[{"embeddable":true,"href":"https:\/\/prva.hr\/index.php\/wp-json\/wp\/v2\/media\/17434"}],"wp:attachment":[{"href":"https:\/\/prva.hr\/index.php\/wp-json\/wp\/v2\/media?parent=17431"}],"wp:term":[{"taxonomy":"category","embeddable":true,"href":"https:\/\/prva.hr\/index.php\/wp-json\/wp\/v2\/categories?post=17431"},{"taxonomy":"post_tag","embeddable":true,"href":"https:\/\/prva.hr\/index.php\/wp-json\/wp\/v2\/tags?post=17431"}],"curies":[{"name":"wp","href":"https:\/\/api.w.org\/{rel}","templated":true}]}}