{"id":17482,"date":"2024-05-09T10:52:35","date_gmt":"2024-05-09T08:52:35","guid":{"rendered":"https:\/\/www.prva.hr\/?p=17482"},"modified":"2024-05-09T13:38:44","modified_gmt":"2024-05-09T11:38:44","slug":"modrobradi-charles-perrlaut","status":"publish","type":"post","link":"https:\/\/prva.hr\/index.php\/2024\/05\/09\/modrobradi-charles-perrlaut\/","title":{"rendered":"Modrobradi &#8211; Charles Perrlaut"},"content":{"rendered":"\n<p><\/p>\n\n\n\n<p class=\"has-black-color has-text-color\">I ove godine slavili smo \u010ditanje i&nbsp; bili smo dio manifestacije <strong><em>No\u0107 knjige<\/em><\/strong>.<\/p>\n\n\n\n<p class=\"has-black-color has-text-color\">Ovogodi\u0161nja tema bila je <strong><em>Kad je prizma kataklizma: knjige za izazovna vremena<\/em>&nbsp;<\/strong>i propitivala je na\u010din na koji se &nbsp;nosimo s vremenima optere\u0107enim kataklizmi\u010dkim scenarijima (ratovi, dru\u0161tvene i financijske krize, nepovoljan utjecaj klimatskih promjena) i knjige mogu biti podr\u0161ka u tim izazovima.<\/p>\n\n\n\n<p class=\"has-black-color has-text-color\">Na na\u0161em susretu smo se najprije podsjetile na\u0161ih omiljenih bajki koje su nam pokazale i nau\u010dile nas da \u0107emo u \u017eivotu&nbsp;morati napustiti sigurnu ku\u0107u i oti\u0107i u mra\u010dnu \u0161umu, sukobiti se sa zmajevima, vukovima, vje\u0161ticama.&nbsp;<\/p>\n\n\n\n<p class=\"has-black-color has-text-color\">Obilje\u017eavaju\u0107i 150. obljetnicu ro\u0111enja Ivane Brli\u0107 \u2013 Ma\u017eurani\u0107, za kviz <em>Tkoj je to? Tko je to bio, djeco?<\/em>  bila je odabrana bajka <em><strong>Modrobradi <\/strong><\/em>autora<em> <\/em><strong><em>Charlesa Perrlauta<\/em>,<\/strong> koju smo interpretirale sa sasvim \u017eenske i osvije\u0161tene perspektive<em>, &nbsp;<\/em>a &nbsp;prema tuma\u010denjima <strong>Clarisse Pinkole Estes<\/strong> i njezinoj knjizi <em><strong>\u017dene koje tr\u010de s vukovima<\/strong>.<\/em><\/p>\n\n\n\n<figure class=\"wp-block-gallery has-nested-images columns-default is-cropped wp-block-gallery-1 is-layout-flex wp-block-gallery-is-layout-flex\">\n<figure class=\"wp-block-image size-large\"><img decoding=\"async\" width=\"1024\" height=\"768\" data-id=\"17485\" data-src=\"https:\/\/www.prva.hr\/wp-content\/uploads\/2024\/05\/440461226_496925012659793_7347415440827693652_n-1024x768.jpg\" alt=\"\" class=\"wp-image-17485 lazyload\" data-srcset=\"https:\/\/prva.hr\/wp-content\/uploads\/2024\/05\/440461226_496925012659793_7347415440827693652_n-1024x768.jpg 1024w, https:\/\/prva.hr\/wp-content\/uploads\/2024\/05\/440461226_496925012659793_7347415440827693652_n-300x225.jpg 300w, https:\/\/prva.hr\/wp-content\/uploads\/2024\/05\/440461226_496925012659793_7347415440827693652_n-768x576.jpg 768w, https:\/\/prva.hr\/wp-content\/uploads\/2024\/05\/440461226_496925012659793_7347415440827693652_n-1536x1152.jpg 1536w, https:\/\/prva.hr\/wp-content\/uploads\/2024\/05\/440461226_496925012659793_7347415440827693652_n-400x300.jpg 400w, https:\/\/prva.hr\/wp-content\/uploads\/2024\/05\/440461226_496925012659793_7347415440827693652_n.jpg 1728w\" data-sizes=\"(max-width: 1024px) 100vw, 1024px\" src=\"data:image\/svg+xml;base64,PHN2ZyB3aWR0aD0iMSIgaGVpZ2h0PSIxIiB4bWxucz0iaHR0cDovL3d3dy53My5vcmcvMjAwMC9zdmciPjwvc3ZnPg==\" style=\"--smush-placeholder-width: 1024px; --smush-placeholder-aspect-ratio: 1024\/768;\" \/><\/figure>\n\n\n\n<figure class=\"wp-block-image size-large\"><img decoding=\"async\" width=\"1024\" height=\"1024\" data-id=\"17483\" data-src=\"https:\/\/www.prva.hr\/wp-content\/uploads\/2024\/05\/441454279_952769493521980_3269903847933390557_n-1024x1024.jpg\" alt=\"\" class=\"wp-image-17483 lazyload\" data-srcset=\"https:\/\/prva.hr\/wp-content\/uploads\/2024\/05\/441454279_952769493521980_3269903847933390557_n-1024x1024.jpg 1024w, https:\/\/prva.hr\/wp-content\/uploads\/2024\/05\/441454279_952769493521980_3269903847933390557_n-300x300.jpg 300w, https:\/\/prva.hr\/wp-content\/uploads\/2024\/05\/441454279_952769493521980_3269903847933390557_n-150x150.jpg 150w, https:\/\/prva.hr\/wp-content\/uploads\/2024\/05\/441454279_952769493521980_3269903847933390557_n-768x768.jpg 768w, https:\/\/prva.hr\/wp-content\/uploads\/2024\/05\/441454279_952769493521980_3269903847933390557_n.jpg 1080w\" data-sizes=\"(max-width: 1024px) 100vw, 1024px\" src=\"data:image\/svg+xml;base64,PHN2ZyB3aWR0aD0iMSIgaGVpZ2h0PSIxIiB4bWxucz0iaHR0cDovL3d3dy53My5vcmcvMjAwMC9zdmciPjwvc3ZnPg==\" style=\"--smush-placeholder-width: 1024px; --smush-placeholder-aspect-ratio: 1024\/1024;\" \/><\/figure>\n<\/figure>\n","protected":false},"excerpt":{"rendered":"<p>I ove godine slavili smo \u010ditanje i&nbsp; bili smo dio manifestacije No\u0107 knjige. Ovogodi\u0161nja tema bila je Kad je prizma kataklizma: knjige za izazovna vremena&nbsp;i propitivala je na\u010din na koji se &nbsp;nosimo s vremenima optere\u0107enim kataklizmi\u010dkim scenarijima (ratovi, dru\u0161tvene i financijske krize, nepovoljan utjecaj klimatskih promjena) i knjige mogu biti podr\u0161ka u tim izazovima. Na [&hellip;]<\/p>\n","protected":false},"author":9,"featured_media":17486,"comment_status":"closed","ping_status":"0","sticky":false,"template":"","format":"standard","meta":{"_et_pb_use_builder":"","_et_pb_old_content":"","_et_gb_content_width":"","footnotes":""},"categories":[82,6,9,4],"tags":[74,83],"class_list":["post-17482","post","type-post","status-publish","format-standard","has-post-thumbnail","hentry","category-aktivnosti-knjiznica-citateljski-klub","category-aktualna-dogadanja","category-arhiva","category-najnovije-vijesti","tag-citateljski-klub-prve","tag-noc-knjige"],"_links":{"self":[{"href":"https:\/\/prva.hr\/index.php\/wp-json\/wp\/v2\/posts\/17482","targetHints":{"allow":["GET"]}}],"collection":[{"href":"https:\/\/prva.hr\/index.php\/wp-json\/wp\/v2\/posts"}],"about":[{"href":"https:\/\/prva.hr\/index.php\/wp-json\/wp\/v2\/types\/post"}],"author":[{"embeddable":true,"href":"https:\/\/prva.hr\/index.php\/wp-json\/wp\/v2\/users\/9"}],"replies":[{"embeddable":true,"href":"https:\/\/prva.hr\/index.php\/wp-json\/wp\/v2\/comments?post=17482"}],"version-history":[{"count":9,"href":"https:\/\/prva.hr\/index.php\/wp-json\/wp\/v2\/posts\/17482\/revisions"}],"predecessor-version":[{"id":17495,"href":"https:\/\/prva.hr\/index.php\/wp-json\/wp\/v2\/posts\/17482\/revisions\/17495"}],"wp:featuredmedia":[{"embeddable":true,"href":"https:\/\/prva.hr\/index.php\/wp-json\/wp\/v2\/media\/17486"}],"wp:attachment":[{"href":"https:\/\/prva.hr\/index.php\/wp-json\/wp\/v2\/media?parent=17482"}],"wp:term":[{"taxonomy":"category","embeddable":true,"href":"https:\/\/prva.hr\/index.php\/wp-json\/wp\/v2\/categories?post=17482"},{"taxonomy":"post_tag","embeddable":true,"href":"https:\/\/prva.hr\/index.php\/wp-json\/wp\/v2\/tags?post=17482"}],"curies":[{"name":"wp","href":"https:\/\/api.w.org\/{rel}","templated":true}]}}