{"id":17496,"date":"2024-05-09T23:19:46","date_gmt":"2024-05-09T21:19:46","guid":{"rendered":"https:\/\/www.prva.hr\/?p=17496"},"modified":"2024-05-09T23:19:54","modified_gmt":"2024-05-09T21:19:54","slug":"jubilarno-prva-170-godina-znanja-i-uspomena","status":"publish","type":"post","link":"https:\/\/prva.hr\/index.php\/2024\/05\/09\/jubilarno-prva-170-godina-znanja-i-uspomena\/","title":{"rendered":"Jubilarno Prva! 170 godina znanja i uspomena"},"content":{"rendered":"\n<p>I. gimnazija ove godine slavi veliki jubilej \u2013 170 godina postojanja! Prisje\u0107amo se duge i bogate<br>povijesti \u0161kole koja je zapo\u010dela prvim danom nastave 20. studenog 1854. Cijeli projekt obilje\u017eavanja<br>odvija se pod sloganom<em> Jubilarno Prva! 170 godina znanja i uspomena.<\/em><br>Prisje\u0107amo se ljudi, doga\u0111aja, emocija koje nam se javljaju kad se sjetimo svoje \u0161kole. I oni iskusniji<br>koji su poha\u0111ali zgradu na Rooseveltovom trgu i oni mla\u0111i koji su vezani uz Novi Zagreb. U\u010denici,<br>profesori i ostali zaposlenici nose Prvu u sebi na mno\u0161tvo na\u010dina.<br>Dio uspomena na \u0161kolu koje su na\u0161i u\u010denici i djelatnici ponijeli sa sobom u \u017eivot \u0107emo poku\u0161ati<br>evocirati u publikaciji 170 godina u 170 slika.<br>Uz svaku fotografiju objavit \u0107e se sje\u0107anje kojim se odgovara na pitanje:<br><\/p>\n\n\n\n<p class=\"has-text-align-center\"><strong>\u0160to je meni Prva?<\/strong><\/p>\n\n\n\n<p>Odgovorite na pitanje prisje\u0107aju\u0107i nekog do\u017eivljaja, ne\u010dega \u0161to vam je najvi\u0161e odredilo budu\u0107i \u017eivot,<br>nekih prijatelja, profesora, prostora, nastavnih predmeta, izleta, anegdota.<br>S obzirom da \u0107e se sje\u0107anja objavljivati u kratkoj formi nu\u017eno je:<br>1) ostati u okviru 250 znakova (s prazninama)<br>2) navesti ime i prezime te godinu maturiranja:<\/p>\n\n\n\n<ul class=\"wp-block-list\">\n<li>osobe koje su mijenjale prezime trebaju navesti i ono koje su imale u vrijeme mature<\/li>\n\n\n\n<li>podaci pod 2) ne ulaze u navedenih 250 znakova<\/li>\n<\/ul>\n\n\n\n<p>Sje\u0107anja treba poslati na: 170u170citati@gmail.com do 1. lipnja 2024.!<\/p>\n\n\n\n<figure class=\"wp-block-image aligncenter size-large is-resized\"><img decoding=\"async\" data-src=\"https:\/\/www.prva.hr\/wp-content\/uploads\/2024\/05\/170-godina-Prve-1-1024x1024.png\" alt=\"\" class=\"wp-image-17497 lazyload\" width=\"584\" height=\"584\" data-srcset=\"https:\/\/prva.hr\/wp-content\/uploads\/2024\/05\/170-godina-Prve-1-1024x1024.png 1024w, https:\/\/prva.hr\/wp-content\/uploads\/2024\/05\/170-godina-Prve-1-300x300.png 300w, https:\/\/prva.hr\/wp-content\/uploads\/2024\/05\/170-godina-Prve-1-150x150.png 150w, https:\/\/prva.hr\/wp-content\/uploads\/2024\/05\/170-godina-Prve-1-768x768.png 768w, https:\/\/prva.hr\/wp-content\/uploads\/2024\/05\/170-godina-Prve-1.png 1080w\" data-sizes=\"(max-width: 584px) 100vw, 584px\" src=\"data:image\/svg+xml;base64,PHN2ZyB3aWR0aD0iMSIgaGVpZ2h0PSIxIiB4bWxucz0iaHR0cDovL3d3dy53My5vcmcvMjAwMC9zdmciPjwvc3ZnPg==\" style=\"--smush-placeholder-width: 584px; --smush-placeholder-aspect-ratio: 584\/584;\" \/><\/figure>\n","protected":false},"excerpt":{"rendered":"<p>I. gimnazija ove godine slavi veliki jubilej \u2013 170 godina postojanja! Prisje\u0107amo se duge i bogatepovijesti \u0161kole koja je zapo\u010dela prvim danom nastave 20. studenog 1854. Cijeli projekt obilje\u017eavanjaodvija se pod sloganom Jubilarno Prva! 170 godina znanja i uspomena.Prisje\u0107amo se ljudi, doga\u0111aja, emocija koje nam se javljaju kad se sjetimo svoje \u0161kole. I oni iskusnijikoji [&hellip;]<\/p>\n","protected":false},"author":7,"featured_media":17498,"comment_status":"closed","ping_status":"0","sticky":false,"template":"","format":"standard","meta":{"_et_pb_use_builder":"","_et_pb_old_content":"","_et_gb_content_width":"","footnotes":""},"categories":[6,4,1],"tags":[],"class_list":["post-17496","post","type-post","status-publish","format-standard","has-post-thumbnail","hentry","category-aktualna-dogadanja","category-najnovije-vijesti","category-nekategorizirano"],"_links":{"self":[{"href":"https:\/\/prva.hr\/index.php\/wp-json\/wp\/v2\/posts\/17496","targetHints":{"allow":["GET"]}}],"collection":[{"href":"https:\/\/prva.hr\/index.php\/wp-json\/wp\/v2\/posts"}],"about":[{"href":"https:\/\/prva.hr\/index.php\/wp-json\/wp\/v2\/types\/post"}],"author":[{"embeddable":true,"href":"https:\/\/prva.hr\/index.php\/wp-json\/wp\/v2\/users\/7"}],"replies":[{"embeddable":true,"href":"https:\/\/prva.hr\/index.php\/wp-json\/wp\/v2\/comments?post=17496"}],"version-history":[{"count":2,"href":"https:\/\/prva.hr\/index.php\/wp-json\/wp\/v2\/posts\/17496\/revisions"}],"predecessor-version":[{"id":17500,"href":"https:\/\/prva.hr\/index.php\/wp-json\/wp\/v2\/posts\/17496\/revisions\/17500"}],"wp:featuredmedia":[{"embeddable":true,"href":"https:\/\/prva.hr\/index.php\/wp-json\/wp\/v2\/media\/17498"}],"wp:attachment":[{"href":"https:\/\/prva.hr\/index.php\/wp-json\/wp\/v2\/media?parent=17496"}],"wp:term":[{"taxonomy":"category","embeddable":true,"href":"https:\/\/prva.hr\/index.php\/wp-json\/wp\/v2\/categories?post=17496"},{"taxonomy":"post_tag","embeddable":true,"href":"https:\/\/prva.hr\/index.php\/wp-json\/wp\/v2\/tags?post=17496"}],"curies":[{"name":"wp","href":"https:\/\/api.w.org\/{rel}","templated":true}]}}