{"id":17508,"date":"2024-05-13T09:33:06","date_gmt":"2024-05-13T07:33:06","guid":{"rendered":"https:\/\/www.prva.hr\/?p=17508"},"modified":"2024-05-13T09:33:17","modified_gmt":"2024-05-13T07:33:17","slug":"drzavno-natjecanje-iz-hrvatskog-jezika-5","status":"publish","type":"post","link":"https:\/\/prva.hr\/index.php\/2024\/05\/13\/drzavno-natjecanje-iz-hrvatskog-jezika-5\/","title":{"rendered":"Dr\u017eavno Natjecanje iz hrvatskog jezika"},"content":{"rendered":"\n<p>Ovogodi\u0161nje dr\u017eavno Natjecanje iz hrvatskoga jezika odr\u017eano je \u00a0u Osnovnoj \u0161koli Petra Zorani\u0107a u Jasenicama od 8. do 10. svibnja. Prvu gimnaziju predstavljale su natjecateljice: <strong>Tea Ba\u017edari\u0107\u00a0<\/strong>, 2. a\u00a0 (4. mjesto i 10. rang) mentora\u00a0<strong>Ivan Janji\u0107a<\/strong>,\u00a0<strong>Ana Tumir<\/strong>, 3. d (8. mjesto i 15. rang) mentorice\u00a0<strong>Maje Buza Romi\u0107<\/strong>,\u00a0<strong>Marta Rimac<\/strong>,\u00a0 4. b (5. mjesto i 6. rang) i\u00a0<strong>Lena Dinkovi\u0107<\/strong>, 4. b. (7. mjesto i 9. rang) mentorice\u00a0<strong>Martine \u0160obar<\/strong>.<\/p>\n\n\n\n<p>\u010cestitamo Tei, Ani, Marti i Leni te njihovim mentorima, prof. Janji\u0107u, prof. Buza Romi\u0107 i prof. \u0160obar!<\/p>\n","protected":false},"excerpt":{"rendered":"<p>Ovogodi\u0161nje dr\u017eavno Natjecanje iz hrvatskoga jezika odr\u017eano je \u00a0u Osnovnoj \u0161koli Petra Zorani\u0107a u Jasenicama od 8. do 10. svibnja. Prvu gimnaziju predstavljale su natjecateljice: Tea Ba\u017edari\u0107\u00a0, 2. a\u00a0 (4. mjesto i 10. rang) mentora\u00a0Ivan Janji\u0107a,\u00a0Ana Tumir, 3. d (8. mjesto i 15. rang) mentorice\u00a0Maje Buza Romi\u0107,\u00a0Marta Rimac,\u00a0 4. b (5. mjesto i 6. rang) [&hellip;]<\/p>\n","protected":false},"author":7,"featured_media":17509,"comment_status":"closed","ping_status":"0","sticky":false,"template":"","format":"standard","meta":{"_et_pb_use_builder":"","_et_pb_old_content":"","_et_gb_content_width":"","footnotes":""},"categories":[4,24],"tags":[],"class_list":["post-17508","post","type-post","status-publish","format-standard","has-post-thumbnail","hentry","category-najnovije-vijesti","category-predmetna-natjecanja"],"_links":{"self":[{"href":"https:\/\/prva.hr\/index.php\/wp-json\/wp\/v2\/posts\/17508","targetHints":{"allow":["GET"]}}],"collection":[{"href":"https:\/\/prva.hr\/index.php\/wp-json\/wp\/v2\/posts"}],"about":[{"href":"https:\/\/prva.hr\/index.php\/wp-json\/wp\/v2\/types\/post"}],"author":[{"embeddable":true,"href":"https:\/\/prva.hr\/index.php\/wp-json\/wp\/v2\/users\/7"}],"replies":[{"embeddable":true,"href":"https:\/\/prva.hr\/index.php\/wp-json\/wp\/v2\/comments?post=17508"}],"version-history":[{"count":1,"href":"https:\/\/prva.hr\/index.php\/wp-json\/wp\/v2\/posts\/17508\/revisions"}],"predecessor-version":[{"id":17510,"href":"https:\/\/prva.hr\/index.php\/wp-json\/wp\/v2\/posts\/17508\/revisions\/17510"}],"wp:featuredmedia":[{"embeddable":true,"href":"https:\/\/prva.hr\/index.php\/wp-json\/wp\/v2\/media\/17509"}],"wp:attachment":[{"href":"https:\/\/prva.hr\/index.php\/wp-json\/wp\/v2\/media?parent=17508"}],"wp:term":[{"taxonomy":"category","embeddable":true,"href":"https:\/\/prva.hr\/index.php\/wp-json\/wp\/v2\/categories?post=17508"},{"taxonomy":"post_tag","embeddable":true,"href":"https:\/\/prva.hr\/index.php\/wp-json\/wp\/v2\/tags?post=17508"}],"curies":[{"name":"wp","href":"https:\/\/api.w.org\/{rel}","templated":true}]}}