{"id":17584,"date":"2024-05-16T14:14:42","date_gmt":"2024-05-16T12:14:42","guid":{"rendered":"https:\/\/www.prva.hr\/?p=17584"},"modified":"2024-05-16T14:15:17","modified_gmt":"2024-05-16T12:15:17","slug":"drzavno-natjecanje-iz-francuskog-jezika-3","status":"publish","type":"post","link":"https:\/\/prva.hr\/index.php\/2024\/05\/16\/drzavno-natjecanje-iz-francuskog-jezika-3\/","title":{"rendered":"Dr\u017eavno Natjecanje iz francuskog jezika"},"content":{"rendered":"\n<p>Luka Leko, u\u010denik 4.c razreda, sudjelovao je ove godine na dr\u017eavnom Natjecanju iz francuskoga jezika koje se odr\u017ealo u Vodicama od 8. do 10. svibnja. U\u010denik je osvojio 12. mjesto na listi B (gimnazije po\u010detnici). Na natjecanje u pratnji u\u010denika i\u0161la je prof. Bano\u017ei\u0107.<\/p>\n\n\n\n<p>\u010cestitamo Luki i njegovoj mentorici prof. Rebrovi\u0107!<\/p>\n","protected":false},"excerpt":{"rendered":"<p>Luka Leko, u\u010denik 4.c razreda, sudjelovao je ove godine na dr\u017eavnom Natjecanju iz francuskoga jezika koje se odr\u017ealo u Vodicama od 8. do 10. svibnja. U\u010denik je osvojio 12. mjesto na listi B (gimnazije po\u010detnici). Na natjecanje u pratnji u\u010denika i\u0161la je prof. Bano\u017ei\u0107. \u010cestitamo Luki i njegovoj mentorici prof. Rebrovi\u0107!<\/p>\n","protected":false},"author":7,"featured_media":17585,"comment_status":"closed","ping_status":"0","sticky":false,"template":"","format":"standard","meta":{"_et_pb_use_builder":"","_et_pb_old_content":"","_et_gb_content_width":"","footnotes":""},"categories":[4,24,1],"tags":[],"class_list":["post-17584","post","type-post","status-publish","format-standard","has-post-thumbnail","hentry","category-najnovije-vijesti","category-predmetna-natjecanja","category-nekategorizirano"],"_links":{"self":[{"href":"https:\/\/prva.hr\/index.php\/wp-json\/wp\/v2\/posts\/17584","targetHints":{"allow":["GET"]}}],"collection":[{"href":"https:\/\/prva.hr\/index.php\/wp-json\/wp\/v2\/posts"}],"about":[{"href":"https:\/\/prva.hr\/index.php\/wp-json\/wp\/v2\/types\/post"}],"author":[{"embeddable":true,"href":"https:\/\/prva.hr\/index.php\/wp-json\/wp\/v2\/users\/7"}],"replies":[{"embeddable":true,"href":"https:\/\/prva.hr\/index.php\/wp-json\/wp\/v2\/comments?post=17584"}],"version-history":[{"count":2,"href":"https:\/\/prva.hr\/index.php\/wp-json\/wp\/v2\/posts\/17584\/revisions"}],"predecessor-version":[{"id":17587,"href":"https:\/\/prva.hr\/index.php\/wp-json\/wp\/v2\/posts\/17584\/revisions\/17587"}],"wp:featuredmedia":[{"embeddable":true,"href":"https:\/\/prva.hr\/index.php\/wp-json\/wp\/v2\/media\/17585"}],"wp:attachment":[{"href":"https:\/\/prva.hr\/index.php\/wp-json\/wp\/v2\/media?parent=17584"}],"wp:term":[{"taxonomy":"category","embeddable":true,"href":"https:\/\/prva.hr\/index.php\/wp-json\/wp\/v2\/categories?post=17584"},{"taxonomy":"post_tag","embeddable":true,"href":"https:\/\/prva.hr\/index.php\/wp-json\/wp\/v2\/tags?post=17584"}],"curies":[{"name":"wp","href":"https:\/\/api.w.org\/{rel}","templated":true}]}}